{"id":513756,"date":"2025-11-05T15:00:13","date_gmt":"2025-11-05T15:00:13","guid":{"rendered":"https:\/\/www.europesays.com\/fr\/513756\/"},"modified":"2025-11-05T15:00:13","modified_gmt":"2025-11-05T15:00:13","slug":"accord-franco-britannique-un-migrant-expulse-une-deuxieme-fois-vers-la-france","status":"publish","type":"post","link":"https:\/\/www.europesays.com\/fr\/513756\/","title":{"rendered":"Accord franco-britannique\u00a0: un migrant expuls\u00e9 une deuxi\u00e8me fois vers la France"},"content":{"rendered":"<p class=\"paragraph text_align_left lp-f-body-02\">\u00ab\u00a0Toute personne cherchant \u00e0 revenir au Royaume-Uni apr\u00e8s avoir \u00e9t\u00e9 expuls\u00e9e dans le cadre de l\u2019accord entre le Royaume-Uni et la France perd son temps et son argent\u00a0\u00bb\u00a0: le communiqu\u00e9 de la ministre britannique de l\u2019Int\u00e9rieur <a href=\"https:\/\/www.leparisien.fr\/international\/royaume-uni\/lordre-dans-notre-systeme-migratoire-le-gouvernement-britannique-veut-utiliser-des-sites-militaires-pour-les-migrants-07-09-2025-DCHFUWC4K5HNDGBLDEBQBMJX3M.php\" target=\"_self\" rel=\"nofollow noopener\">Shabana Mahmood<\/a> se veut on ne peut plus clair.<\/p>\n<p class=\"paragraph text_align_left lp-f-body-02\">Un migrant de nationalit\u00e9 iranienne qui \u00e9tait revenu au Royaume-Uni apr\u00e8s avoir \u00e9t\u00e9 expuls\u00e9 en France dans le cadre d\u2019un accord entre les deux pays y a \u00e9t\u00e9 renvoy\u00e9 en avion, a annonc\u00e9 mercredi la ministre.<\/p>\n<p class=\"paragraph text_align_left lp-f-body-02\">L\u2019homme \u00e9tait arriv\u00e9 sur le sol britannique une premi\u00e8re fois le 6\u00a0ao\u00fbt et a \u00e9t\u00e9 renvoy\u00e9 en France le 19\u00a0septembre, devenant la troisi\u00e8me personne expuls\u00e9e dans le cadre de l\u2019accord migratoire.<\/p>\n<p>Une demande d\u2019asile<\/p>\n<p class=\"paragraph text_align_left lp-f-body-02\">Il est ensuite revenu au Royaume-Uni \u00e0 bord d\u2019une embarcation de fortune le 18\u00a0octobre et a demand\u00e9 l\u2019asile, selon <a href=\"https:\/\/www.theguardian.com\/uk-news\/2025\/nov\/05\/iranian-man-who-made-second-small-boat-crossing-is-returned-to-france-again\" target=\"_self\" rel=\"nofollow noopener\">The Guardian<\/a>. Il s\u2019est dit victime d\u2019un r\u00e9seau de traite d\u2019\u00eatres humains g\u00e9r\u00e9 par des passeurs dans le nord de la France.<\/p>\n<p class=\"paragraph text_align_left lp-f-body-02\">\u00ab\u00a0Si j\u2019avais pens\u00e9 que la France \u00e9tait un endroit s\u00fbr pour moi, je ne serais jamais venu au Royaume-Uni\u00a0\u00bb, a-t-il confi\u00e9 au journal britannique.<\/p>\n<p class=\"paragraph text_align_left lp-f-body-02\">Avant son expulsion, il \u00e9tait consid\u00e9r\u00e9 comme vuln\u00e9rable et b\u00e9n\u00e9ficiait d\u2019un suivi social r\u00e9gulier, avec des visites de contr\u00f4le concernant sa sant\u00e9 mentale.<\/p>\n<p>\u00ab\u00a0D\u00e9tect\u00e9 par la biom\u00e9trie\u00a0\u00bb<\/p>\n<p class=\"paragraph text_align_left lp-f-body-02\">Selon des documents qu\u2019il a partag\u00e9s avec The Guardian, des responsables de l\u2019Int\u00e9rieur reconnaissent que si les demandeurs d\u2019asile peuvent acc\u00e9der aux soins de sant\u00e9 mentale publics en France, \u00ab\u00a0en pratique, des probl\u00e8mes de capacit\u00e9 et des barri\u00e8res linguistiques peuvent en entraver l\u2019acc\u00e8s\u00a0\u00bb.<\/p>\n<p class=\"paragraph text_align_left lp-f-body-02\">\u00c0 son retour au Royaume-Uni, il a \u00e9t\u00e9 \u00ab\u00a0d\u00e9tect\u00e9 par la biom\u00e9trie et imm\u00e9diatement\u00a0\u00bb arr\u00eat\u00e9, selon Shabana Mahmood.<\/p>\n<p class=\"paragraph text_align_left lp-f-body-02\">L\u2019<a href=\"https:\/\/www.leparisien.fr\/international\/royaume-uni\/apres-sa-rencontre-avec-macron-starmer-annonce-un-accord-pour-un-echange-de-migrants-entre-le-royaume-uni-et-la-france-10-07-2025-XGVTXQXVENBHTDLZJWOC4PPATU.php\" target=\"_self\" rel=\"nofollow noopener\">accord franco-britannique, conclu cet \u00e9t\u00e9<\/a>, consiste \u00e0 renvoyer en France des migrants arriv\u00e9s \u00e0 bord de petits bateaux au Royaume-Uni, en \u00e9change de l\u2019accueil par ce pays de migrants se trouvant en France, sur le principe du \u00ab\u00a0un pour un\u00a0\u00bb.<\/p>\n<p class=\"title-embed-dailymotion lp-color-text lp-f-subtitle-04\">Vid\u00e9oImmigration ill\u00e9gale : Emmanuel Macron et Keir Starmer d\u00e9voilent un plan pour \u00ab mettre fin \u00e0 ce commerce ignoble \u00bb<\/p>\n<p class=\"paragraph text_align_left lp-f-body-02\">Tr\u00e8s <a href=\"https:\/\/x.com\/AubergeMigrants\" target=\"_self\" rel=\"nofollow\">critiqu\u00e9 par les ONG<\/a>, il vise \u00e0 d\u00e9courager les travers\u00e9es clandestines de la Manche. Depuis son entr\u00e9e en vigueur d\u00e9but ao\u00fbt, 94 migrants ont \u00e9t\u00e9 expuls\u00e9s vers la France, selon le gouvernement britannique. Et 57 personnes ont \u00e9t\u00e9 accueillies au Royaume-Uni.<\/p>\n<p>Le nombre de migrants d\u00e9j\u00e0 plus important qu\u2019en 2014<\/p>\n<p class=\"paragraph text_align_left lp-f-body-02\">Le gouvernement travailliste de <a href=\"https:\/\/www.leparisien.fr\/international\/legislatives-au-royaume-uni-keir-starmer-le-monsieur-ennuyeux-qui-a-revolutionne-la-gauche-britannique-04-07-2024-LLQHNO4VHVDDBLFMK7JWDJQM5E.php\" target=\"_self\" rel=\"nofollow noopener\">Keir Starmer<\/a> a promis, sans succ\u00e8s pour l\u2019instant, de r\u00e9duire le nombre de migrants qui traversent la Manche \u00e0 bord de ces petites embarcations.<\/p>\n<p class=\"paragraph text_align_left lp-f-body-02\">Leur nombre s\u2019est \u00e9lev\u00e9 depuis le d\u00e9but de l\u2019ann\u00e9e \u00e0 36 954, selon les derni\u00e8res donn\u00e9es officielles disponibles datant de mardi. Ce chiffre d\u00e9passe le total de l\u2019ann\u00e9e <a href=\"https:\/\/www.leparisien.fr\/societe\/royaume-uni-net-rebond-des-arrivees-clandestines-de-migrants-par-la-manche-en-2024-01-01-2025-HXMGHK4ICFDGXFDKDPP7345O5Y.php\" target=\"_self\" rel=\"nofollow noopener\">2024, qui s\u2019\u00e9levait \u00e0 36 816<\/a>.<\/p>\n","protected":false},"excerpt":{"rendered":"\u00ab\u00a0Toute personne cherchant \u00e0 revenir au Royaume-Uni apr\u00e8s avoir \u00e9t\u00e9 expuls\u00e9e dans le cadre de l\u2019accord entre le&hellip;\n","protected":false},"author":2,"featured_media":513757,"comment_status":"","ping_status":"","sticky":false,"template":"","format":"standard","meta":{"footnotes":""},"categories":[1588],"tags":[11,1777,674,14,12,473,1853,1851,1850,1852],"class_list":{"0":"post-513756","1":"post","2":"type-post","3":"status-publish","4":"format-standard","5":"has-post-thumbnail","7":"category-royaume-uni","8":"tag-actualites","9":"tag-eu","10":"tag-europe","11":"tag-international","12":"tag-news","13":"tag-royaume-uni","14":"tag-royaume-uni-de-grande-bretagne-et-dirlande-du-nord","15":"tag-uk","16":"tag-united-kingdom","17":"tag-united-kingdom-of-great-britain-and-northern-ireland"},"share_on_mastodon":{"url":"https:\/\/pubeurope.com\/@fr\/115497692370594849","error":""},"_links":{"self":[{"href":"https:\/\/www.europesays.com\/fr\/wp-json\/wp\/v2\/posts\/513756","targetHints":{"allow":["GET"]}}],"collection":[{"href":"https:\/\/www.europesays.com\/fr\/wp-json\/wp\/v2\/posts"}],"about":[{"href":"https:\/\/www.europesays.com\/fr\/wp-json\/wp\/v2\/types\/post"}],"author":[{"embeddable":true,"href":"https:\/\/www.europesays.com\/fr\/wp-json\/wp\/v2\/users\/2"}],"replies":[{"embeddable":true,"href":"https:\/\/www.europesays.com\/fr\/wp-json\/wp\/v2\/comments?post=513756"}],"version-history":[{"count":0,"href":"https:\/\/www.europesays.com\/fr\/wp-json\/wp\/v2\/posts\/513756\/revisions"}],"wp:featuredmedia":[{"embeddable":true,"href":"https:\/\/www.europesays.com\/fr\/wp-json\/wp\/v2\/media\/513757"}],"wp:attachment":[{"href":"https:\/\/www.europesays.com\/fr\/wp-json\/wp\/v2\/media?parent=513756"}],"wp:term":[{"taxonomy":"category","embeddable":true,"href":"https:\/\/www.europesays.com\/fr\/wp-json\/wp\/v2\/categories?post=513756"},{"taxonomy":"post_tag","embeddable":true,"href":"https:\/\/www.europesays.com\/fr\/wp-json\/wp\/v2\/tags?post=513756"}],"curies":[{"name":"wp","href":"https:\/\/api.w.org\/{rel}","templated":true}]}}