{"id":513758,"date":"2025-11-05T15:01:14","date_gmt":"2025-11-05T15:01:14","guid":{"rendered":"https:\/\/www.europesays.com\/fr\/513758\/"},"modified":"2025-11-05T15:01:14","modified_gmt":"2025-11-05T15:01:14","slug":"pour-aider-ses-menages-et-ses-entreprises-lallemagne-veut-reduire-la-bureaucratie-avec-3-milliards-deuros-dallegements","status":"publish","type":"post","link":"https:\/\/www.europesays.com\/fr\/513758\/","title":{"rendered":"Pour aider ses m\u00e9nages et ses entreprises, l&rsquo;Allemagne veut r\u00e9duire la \u00ab\u00a0bureaucratie\u00a0\u00bb avec 3 milliards d&rsquo;euros d&rsquo;all\u00e8gements"},"content":{"rendered":"<p>L&rsquo;ex\u00e9cutif allemand a adopt\u00e9 un paquet de mesures pour all\u00e9ger la \u00ab\u00a0bureaucratie\u00a0\u00bb qui p\u00e8se sur les m\u00e9nages et les entreprises, sans toutefois vraiment convaincre les milieux \u00e9conomiques.<\/p>\n<p>Le gouvernement allemand a adopt\u00e9 mercredi un paquet de mesures destin\u00e9es selon lui \u00e0 all\u00e9ger le fardeau bureaucratique pesant sur les entreprises et m\u00e9nages, un plan qui ne convainc pas totalement les milieux \u00e9conomiques.<\/p>\n<p>Des all\u00e9gements de \u00ab\u00a0plus de trois milliards d&rsquo;euros\u00a0\u00bb b\u00e9n\u00e9ficiant aux acteurs priv\u00e9s ont d\u00e9j\u00e0 \u00e9t\u00e9 d\u00e9cid\u00e9s par le gouvernement de Friedrich Merz depuis le d\u00e9but de la l\u00e9gislature, et les mesures \u00e0 venir devraient renforcer encore cet effort, a d\u00e9clar\u00e9 le porte-parole du gouvernement, Stefan Kornelius, lors d&rsquo;une conf\u00e9rence de presse.<\/p>\n<p><img decoding=\"async\" src=\"https:\/\/www.europesays.com\/fr\/wp-content\/uploads\/2025\/04\/1745674328_238_principale-68_1.jpg\"  alt=\"La Data Room : 4,3% : l'Allemagne a connu en ao\u00fbt le plus fort repli mensuel de sa production industrielle depuis mars 2022 \u2013 08\/10\" title=\"La Data Room : 4,3% : l'Allemagne a connu en ao\u00fbt le plus fort repli mensuel de sa production industrielle depuis mars 2022 \u2013 08\/10\"\/>La Data Room : 4,3% : l&rsquo;Allemagne a connu en ao\u00fbt le plus fort repli mensuel de sa production industrielle depuis mars 2022 \u2013 08\/10<\/p>\n<p>En septembre, les principales f\u00e9d\u00e9rations patronales allemandes avaient press\u00e9 le chancelier de mettre rapidement en \u0153uvre les r\u00e9formes pour relancer l&rsquo;activit\u00e9 \u00e9conomique en panne, lors d&rsquo;une r\u00e9union \u00e0 huis clos qui a eu lieu dans un climat tendu. D\u00e9sormais, le gouvernement \u00ab\u00a0dispose d&rsquo;un plan concret pour une r\u00e9duction durable de la bureaucratie\u00a0\u00bb comme l&rsquo;Allemagne n&rsquo;en a \u00ab\u00a0pas connu depuis de nombreuses ann\u00e9es\u00a0\u00bb, a affirm\u00e9 Karsten Wildberger, ministre du Num\u00e9rique et de la Modernisation de l&rsquo;\u00c9tat, dans un communiqu\u00e9.<\/p>\n<p>Simplification du droit du travail<\/p>\n<p>Au total, plus de 50 mesures doivent \u00eatre traduites en lois dans les prochains mois. Y figurent p\u00eale-m\u00eale l&rsquo;acc\u00e9l\u00e9ration des proc\u00e9dures de planification et d&rsquo;autorisation dans le b\u00e2timent et les infrastructures, la simplification du droit du travail et de la s\u00e9curit\u00e9 au travail. De m\u00eame, un all\u00e9gement du reporting de durabilit\u00e9, dans le cadre du paquet europ\u00e9en &lsquo;Omnibus&rsquo; et l&rsquo;acc\u00e9l\u00e9ration du d\u00e9ploiement du r\u00e9seau mobile et de la fibre optique, o\u00f9 l&rsquo;Allemagne accuse un retard sur ses voisins.<\/p>\n<p>Le gouvernement a en outre valid\u00e9 huit mesures imm\u00e9diates, cens\u00e9es all\u00e9ger la charge administrative d&rsquo;au moins 100 millions d&rsquo;euros. Elles portent sur la simplification du code du commerce, la suppression de certaines obligations de d\u00e9claration, la num\u00e9risation des contrats immobiliers et des ajustements fiscaux destin\u00e9s \u00e0 faciliter les d\u00e9marches des entreprises.<\/p>\n<p>Les milieux \u00e9conomiques ont r\u00e9agi de mani\u00e8re contrast\u00e9e aux annonces du jour. Le gouvernement montre \u00ab\u00a0qu&rsquo;il prend au s\u00e9rieux la lutte contre la bureaucratie\u00a0\u00bb et le processus doit d\u00e9sormais \u00eatre \u00ab\u00a0poursuivi avec d\u00e9termination\u00a0\u00bb, a d\u00e9clar\u00e9 J\u00f6rg Dittrich, pr\u00e9sident de la Conf\u00e9d\u00e9ration de l&rsquo;artisanat allemand (ZDH). Le secteur tr\u00e8s exportateur de la machine-outil s&rsquo;est en revanche dit d\u00e9\u00e7u, le gouvernement \u00e9tant rest\u00e9 \u00ab\u00a0en de\u00e7\u00e0 des attentes concernant la r\u00e9duction annonc\u00e9e de la bureaucratie\u00a0\u00bb, selon le directeur de la f\u00e9d\u00e9ration (VDMA) Thilo Brodtmann.<\/p>\n","protected":false},"excerpt":{"rendered":"L&rsquo;ex\u00e9cutif allemand a adopt\u00e9 un paquet de mesures pour all\u00e9ger la \u00ab\u00a0bureaucratie\u00a0\u00bb qui p\u00e8se sur les m\u00e9nages et&hellip;\n","protected":false},"author":2,"featured_media":56955,"comment_status":"","ping_status":"","sticky":false,"template":"","format":"standard","meta":{"footnotes":""},"categories":[1587],"tags":[11,672,1804,1805,1803,1777,674,1801,12,1802],"class_list":{"0":"post-513758","1":"post","2":"type-post","3":"status-publish","4":"format-standard","5":"has-post-thumbnail","7":"category-allemagne","8":"tag-actualites","9":"tag-allemagne","10":"tag-bundesrepublik-deutschland","11":"tag-de","12":"tag-deutschland","13":"tag-eu","14":"tag-europe","15":"tag-germany","16":"tag-news","17":"tag-republique-federale-dallemagne"},"share_on_mastodon":{"url":"https:\/\/pubeurope.com\/@fr\/115497696888756642","error":""},"_links":{"self":[{"href":"https:\/\/www.europesays.com\/fr\/wp-json\/wp\/v2\/posts\/513758","targetHints":{"allow":["GET"]}}],"collection":[{"href":"https:\/\/www.europesays.com\/fr\/wp-json\/wp\/v2\/posts"}],"about":[{"href":"https:\/\/www.europesays.com\/fr\/wp-json\/wp\/v2\/types\/post"}],"author":[{"embeddable":true,"href":"https:\/\/www.europesays.com\/fr\/wp-json\/wp\/v2\/users\/2"}],"replies":[{"embeddable":true,"href":"https:\/\/www.europesays.com\/fr\/wp-json\/wp\/v2\/comments?post=513758"}],"version-history":[{"count":0,"href":"https:\/\/www.europesays.com\/fr\/wp-json\/wp\/v2\/posts\/513758\/revisions"}],"wp:featuredmedia":[{"embeddable":true,"href":"https:\/\/www.europesays.com\/fr\/wp-json\/wp\/v2\/media\/56955"}],"wp:attachment":[{"href":"https:\/\/www.europesays.com\/fr\/wp-json\/wp\/v2\/media?parent=513758"}],"wp:term":[{"taxonomy":"category","embeddable":true,"href":"https:\/\/www.europesays.com\/fr\/wp-json\/wp\/v2\/categories?post=513758"},{"taxonomy":"post_tag","embeddable":true,"href":"https:\/\/www.europesays.com\/fr\/wp-json\/wp\/v2\/tags?post=513758"}],"curies":[{"name":"wp","href":"https:\/\/api.w.org\/{rel}","templated":true}]}}