{"id":513759,"date":"2025-11-05T15:02:14","date_gmt":"2025-11-05T15:02:14","guid":{"rendered":"https:\/\/www.europesays.com\/fr\/513759\/"},"modified":"2025-11-05T15:02:14","modified_gmt":"2025-11-05T15:02:14","slug":"lex-premiere-ministre-finlandaise-sanna-marin-publie-ses-memoires-un-livre-feministe","status":"publish","type":"post","link":"https:\/\/www.europesays.com\/fr\/513759\/","title":{"rendered":"L\u2019ex-Premi\u00e8re ministre finlandaise Sanna Marin publie ses M\u00e9moires, un livre \u201cf\u00e9ministe\u201d"},"content":{"rendered":"\n<p>\u00c0 sa prise de fonction au poste de Premi\u00e8re ministre finlandaise, le 10\u00a0d\u00e9cembre 2019, Sanna Marin n\u2019avait que 34\u00a0ans. Devenue alors la plus jeune personne au monde \u00e0 diriger un gouvernement, la responsable sociale-d\u00e9mocrate se fit vite conna\u00eetre \u00e0 l\u2019\u00e9tranger. Au point que ses M\u00e9moires, sorties deux ans apr\u00e8s son retrait de la politique finlandaise, paraissent quasi simultan\u00e9ment dans dix-sept\u00a0pays. Dont la Finlande et la Su\u00e8de mardi 4\u00a0novembre, et la France le lendemain.<\/p>\n<p>Dans L\u2019Espoir en acte (titre de la version fran\u00e7aise <a class=\"ithalc\" data-ithal=\"lien_externe\" data-ithalc=\"[nav_article]\" target=\"_blank\" href=\"https:\/\/editions.flammarion.com\/lespoir-en-acte\/9782080477545\" rel=\"noopener\">publi\u00e9e chez Flammarion<\/a>), celle qui reste une figure embl\u00e9matique d\u2019une nouvelle g\u00e9n\u00e9ration de leaders politiques progressistes en Europe revient sur ses origines modestes, son parcours \u00e9clair et surtout son exp\u00e9rience \u00e0 la t\u00eate du gouvernement. En quelques ann\u00e9es, elle est \u201cdevenue une superstar politique comme jamais la Finlande n\u2019en avait connue avant\u00a0; combin\u00e9 \u00e0 un travail intense, cela a eu un prix\u201d, constate \u00e0 Helsinki <a class=\"ithalc\" data-ithal=\"lien_externe\" data-ithalc=\"[nav_article]\" target=\"_blank\" href=\"https:\/\/www.hbl.fi\/2025-11-04\/sanna-marins-historiesyn-ar-lite-speciell\/\" rel=\"noopener\">le quotidien <strong>Hufvudstadsbladet.<\/strong><\/a><\/p>\n<p>Sanna Marin \u00e9voque en particulier ses soucis de sant\u00e9 en pleine crise sanitaire provoqu\u00e9e par l\u2019irruption du Covid. \u201cElle d\u00e9crit les premi\u00e8res semaines de la pand\u00e9mie comme un cauchemar \u00e9veill\u00e9\u201d, relate <a class=\"ithalc\" data-ithal=\"lien_externe\" data-ithalc=\"[nav_article]\" target=\"_blank\" href=\"https:\/\/yle.fi\/a\/7-10087036\" rel=\"noopener\">le site de la radiot\u00e9l\u00e9vision publique finlandaise <strong>YLE.<\/strong><\/a> Elle se met alors \u00e0 sentir des contractions de la<\/p>\n","protected":false},"excerpt":{"rendered":"\u00c0 sa prise de fonction au poste de Premi\u00e8re ministre finlandaise, le 10\u00a0d\u00e9cembre 2019, Sanna Marin n\u2019avait que&hellip;\n","protected":false},"author":2,"featured_media":513760,"comment_status":"","ping_status":"","sticky":false,"template":"","format":"standard","meta":{"footnotes":""},"categories":[1586],"tags":[11,4357,6121,1777,674,27267,219,1011,27,12,136,316,25,51974,30497],"class_list":{"0":"post-513759","1":"post","2":"type-post","3":"status-publish","4":"format-standard","5":"has-post-thumbnail","7":"category-europe","8":"tag-actualites","9":"tag-covid-19","10":"tag-droits-des-femmes","11":"tag-eu","12":"tag-europe","13":"tag-femmes-au-pouvoir","14":"tag-finlande","15":"tag-fr","16":"tag-france","17":"tag-news","18":"tag-otan","19":"tag-politique","20":"tag-republique-francaise","21":"tag-tensions-russie-europe","22":"tag-vie-privu00e9e"},"share_on_mastodon":{"url":"https:\/\/pubeurope.com\/@fr\/115497700226371221","error":""},"_links":{"self":[{"href":"https:\/\/www.europesays.com\/fr\/wp-json\/wp\/v2\/posts\/513759","targetHints":{"allow":["GET"]}}],"collection":[{"href":"https:\/\/www.europesays.com\/fr\/wp-json\/wp\/v2\/posts"}],"about":[{"href":"https:\/\/www.europesays.com\/fr\/wp-json\/wp\/v2\/types\/post"}],"author":[{"embeddable":true,"href":"https:\/\/www.europesays.com\/fr\/wp-json\/wp\/v2\/users\/2"}],"replies":[{"embeddable":true,"href":"https:\/\/www.europesays.com\/fr\/wp-json\/wp\/v2\/comments?post=513759"}],"version-history":[{"count":0,"href":"https:\/\/www.europesays.com\/fr\/wp-json\/wp\/v2\/posts\/513759\/revisions"}],"wp:featuredmedia":[{"embeddable":true,"href":"https:\/\/www.europesays.com\/fr\/wp-json\/wp\/v2\/media\/513760"}],"wp:attachment":[{"href":"https:\/\/www.europesays.com\/fr\/wp-json\/wp\/v2\/media?parent=513759"}],"wp:term":[{"taxonomy":"category","embeddable":true,"href":"https:\/\/www.europesays.com\/fr\/wp-json\/wp\/v2\/categories?post=513759"},{"taxonomy":"post_tag","embeddable":true,"href":"https:\/\/www.europesays.com\/fr\/wp-json\/wp\/v2\/tags?post=513759"}],"curies":[{"name":"wp","href":"https:\/\/api.w.org\/{rel}","templated":true}]}}