{"id":51376,"date":"2025-04-25T09:11:13","date_gmt":"2025-04-25T09:11:13","guid":{"rendered":"https:\/\/www.europesays.com\/fr\/51376\/"},"modified":"2025-04-25T09:11:13","modified_gmt":"2025-04-25T09:11:13","slug":"rendez-vous-au-grand-salon-de-lecoconstruction-chez-biosfaire-rennes","status":"publish","type":"post","link":"https:\/\/www.europesays.com\/fr\/51376\/","title":{"rendered":"Rendez-vous au Grand Salon de l&rsquo;\u00e9coconstruction chez Biosfaire Rennes"},"content":{"rendered":"<p>D\u00e9couvrez l&rsquo;avenir de la construction durable ! Participez \u00e0 la troisi\u00e8me \u00e9dition du Grand Salon de l&rsquo;\u00e9coconstruction, organis\u00e9 par Biosfaire, anciennement Eco Sain Habitat, le vendredi 16 mai prochain.<\/p>\n<p>Le salon rassemble les acteurs locaux et professionnels de l&rsquo;\u00e9coconstruction, pour explorer les derni\u00e8res innovations et solutions durables. C&rsquo;est une opportunit\u00e9 de <strong>rencontrer des experts, d&rsquo;\u00e9changer avec des acteurs locaux de l&rsquo;habitat durable et de d\u00e9couvrir le nouveau showroom.<\/strong><\/p>\n<p>Dans le cadre du salon, des conf\u00e9rences et des ateliers seront propos\u00e9s, couvrant des sujets vari\u00e9s allant des mat\u00e9riaux \u00e9cologiques aux nouvelles techniques de construction, d&rsquo;isolation et de d\u00e9coration. C&rsquo;est l&rsquo;occasion parfaite pour en apprendre davantage sur les pratiques qui respectent l&rsquo;environnement tout en assurant confort et \u00e9conomie d&rsquo;\u00e9nergie.\u00a0<\/p>\n<p style=\"text-align: center;\"><img loading=\"lazy\" decoding=\"async\" src=\"https:\/\/www.europesays.com\/fr\/wp-content\/uploads\/2025\/04\/P35184873D6775508G.jpg\" alt=\"\" width=\"1024\" height=\"528\"\/><\/p>\n<p><strong>L&rsquo;\u00e9v\u00e9nement gratuit, s&rsquo;adresse \u00e0 tous<\/strong>, que vous soyez professionnel, particulier, ou simplement curieux de l&rsquo;univers de l&rsquo;\u00e9coconstruction.<\/p>\n<p>Infos pratiques<\/p>\n<p><strong>Biosfaire Rennes<br \/><\/strong>Adresse : 35 Biardel &#8211; 35520 La M\u00e9zi\u00e8re<br \/>T\u00e9l\u00e9phone :\u00a0<a href=\"https:\/\/rennes.maville.com\/actu\/tel:0299664587\" class=\"trackingClickNumero\" target=\"_blank\" rel=\"noopener\">02 99 66 45 87<\/a><br \/><a rel=\"nofollow noopener\" target=\"_blank\" href=\"https:\/\/www.ecosainhabitat.fr\/\" class=\"trackingClickSiteWeb\">Site web<\/a><br \/><a rel=\"nofollow noopener\" target=\"_blank\" href=\"https:\/\/www.facebook.com\/EcoSainHabitat\" class=\"trackingClickFacebook\"><a rel=\"nofollow noopener\" target=\"_blank\" href=\"https:\/\/www.facebook.com\/EcoSainHabitat\" class=\"trackingClickFacebook\">Page Facebook<\/a><\/p>\n<p>\u00a0<\/p>\n","protected":false},"excerpt":{"rendered":"D\u00e9couvrez l&rsquo;avenir de la construction durable ! Participez \u00e0 la troisi\u00e8me \u00e9dition du Grand Salon de l&rsquo;\u00e9coconstruction, organis\u00e9&hellip;\n","protected":false},"author":2,"featured_media":51377,"comment_status":"","ping_status":"","sticky":false,"template":"","format":"standard","meta":{"footnotes":""},"categories":[2821],"tags":[1111,11,829,1777,674,1011,27,2515,1577,12,12407,584,25,6290],"class_list":{"0":"post-51376","1":"post","2":"type-post","3":"status-publish","4":"format-standard","5":"has-post-thumbnail","7":"category-rennes","8":"tag-actu","9":"tag-actualites","10":"tag-bretagne","11":"tag-eu","12":"tag-europe","13":"tag-fr","14":"tag-france","15":"tag-grand","16":"tag-l","17":"tag-news","18":"tag-rendez-vous","19":"tag-rennes","20":"tag-republique-francaise","21":"tag-salon"},"share_on_mastodon":{"url":"https:\/\/pubeurope.com\/@fr\/114397831895401452","error":""},"_links":{"self":[{"href":"https:\/\/www.europesays.com\/fr\/wp-json\/wp\/v2\/posts\/51376","targetHints":{"allow":["GET"]}}],"collection":[{"href":"https:\/\/www.europesays.com\/fr\/wp-json\/wp\/v2\/posts"}],"about":[{"href":"https:\/\/www.europesays.com\/fr\/wp-json\/wp\/v2\/types\/post"}],"author":[{"embeddable":true,"href":"https:\/\/www.europesays.com\/fr\/wp-json\/wp\/v2\/users\/2"}],"replies":[{"embeddable":true,"href":"https:\/\/www.europesays.com\/fr\/wp-json\/wp\/v2\/comments?post=51376"}],"version-history":[{"count":0,"href":"https:\/\/www.europesays.com\/fr\/wp-json\/wp\/v2\/posts\/51376\/revisions"}],"wp:featuredmedia":[{"embeddable":true,"href":"https:\/\/www.europesays.com\/fr\/wp-json\/wp\/v2\/media\/51377"}],"wp:attachment":[{"href":"https:\/\/www.europesays.com\/fr\/wp-json\/wp\/v2\/media?parent=51376"}],"wp:term":[{"taxonomy":"category","embeddable":true,"href":"https:\/\/www.europesays.com\/fr\/wp-json\/wp\/v2\/categories?post=51376"},{"taxonomy":"post_tag","embeddable":true,"href":"https:\/\/www.europesays.com\/fr\/wp-json\/wp\/v2\/tags?post=51376"}],"curies":[{"name":"wp","href":"https:\/\/api.w.org\/{rel}","templated":true}]}}