{"id":513772,"date":"2025-11-05T15:10:12","date_gmt":"2025-11-05T15:10:12","guid":{"rendered":"https:\/\/www.europesays.com\/fr\/513772\/"},"modified":"2025-11-05T15:10:12","modified_gmt":"2025-11-05T15:10:12","slug":"pourquoi-carlos-alcaraz-va-redevenir-numero-1-mondial-aux-depens-de-jannik-sinner-sans-jouer-lequipe","status":"publish","type":"post","link":"https:\/\/www.europesays.com\/fr\/513772\/","title":{"rendered":"Pourquoi Carlos Alcaraz va redevenir num\u00e9ro 1 mondial aux d\u00e9pens de Jannik Sinner sans jouer &#8211; L&#039;\u00c9quipe"},"content":{"rendered":"<ol>\n<li><a href=\"https:\/\/news.google.com\/rss\/articles\/CBMi2AFBVV95cUxNdUFIMWdLVnVoMHFMdmV0aFh4SUUwY2FoMDM1aV9idnJtUk1oWmtoQkFwdHptQXowM19hdUVJWDJpRlB3TktzNks5V2RTdlg4RDVKTERxMVdGVi1qUlhtUHlBQlNpUDBPeG8xNHhUWVlCb1JsTV9aalp1OTFnUzBRNllLZFFDdlpyZDRPMUhEc0NzWF91NW1jZ2ZnbmoxSFpXQTlpQkNRTEgwQk1oVVpPelcySXNadVlPTnJKYWlrdlZiZGdxNURoYVNjdnlXSzNKbGtvZUNVaVA?oc=5\" target=\"_blank\" rel=\"nofollow noopener\">Pourquoi Carlos Alcaraz va redevenir num\u00e9ro 1 mondial aux d\u00e9pens de Jannik Sinner sans jouer<\/a>&nbsp;&nbsp;L&rsquo;\u00c9quipe<\/li>\n<li><a href=\"https:\/\/news.google.com\/rss\/articles\/CBMi_AFBVV95cUxPSmp3dTFqbExnbUtIUzFjaHFfUERFT3M3NU1lQVNiTkliRV9CLWtmdmZMTUpfUmtlM09nOGZvVE5HYTEyR0hrRTg4LWhjbXdBOFE3dTYtdkZ5STR1RTg1Y1MzekV0NS1mdU5fOHljY3pGajFmdzQ3TUl4dlFCeFBDWWlSMThFVy1peUdaSnFBcFAwblBDcHRELUVPQnpLUzFWRFRrVUtzaHk0T2FJWXFTZWtkRkdETUZXV3IxSVo4ZTRkYmVUMkdQWFh1bFBaLUJCN0ZnMGhfclhMbUR6TmlSZWRiSllkVi1QWm5HaGVNS0FaWHNURTh4blFrT1M?oc=5\" target=\"_blank\" rel=\"nofollow noopener\">ATP Finals. Pourquoi Carlos Alcaraz va redevenir num\u00e9ro 1 mondial sans jouer<\/a>&nbsp;&nbsp;Ouest-France<\/li>\n<li><a href=\"https:\/\/news.google.com\/rss\/articles\/CBMiwgJBVV95cUxQenE4R1d5ZmhoNTc0VmdOenEwZWVhZFU0UEJIazRmMFF2NzE1SEJ0TlRCZEdPUkg3WmlNaUlDRkNPYTR2R0p6V2lDT2wwc1FjS1YxV3dFSVpoUC1wWjU0cndlVjBiSEFQeDljeFNfSU1kY0JTN25ydE9JVm1kQTl1NllTVFNuVnBFZE15NFZyeUhpc09obUN5OFBIZU9CME9CbnFNb1pZbF8tOVZneWxhazRQMldRbWpMazA2OE5ockFNZ0RrSFRPZWdMeTEyalpzQUthVnVkb1dqOUlodFRBdmtmX2FxT3g5N09fZHRmUkszTjJHWnlleEtLZ01IVXNXd1F0cDlvd3JwOXJkVGFiZF9ja1poMzVNQWdyRmdacEtZNE5CQWxUNkhFRUNnTGxmRUFkZWNYZy1EWmFBSkw2SVFR?oc=5\" target=\"_blank\" rel=\"nofollow noopener\">ATP &gt; Panatta perd la boule : \u00ab\u00a0Sinner est de retour au premier rang mondial, m\u00eame si cela ne durera pas longtemps \u00e0 cause d&rsquo;un syst\u00e8me diabolique que je ne comprends pas et que je d\u00e9sapprouve totalement<\/a>&nbsp;&nbsp;We Love Tennis<\/li>\n<li><a href=\"https:\/\/news.google.com\/rss\/articles\/CBMijAFBVV95cUxPXzVMZ2VwZnM0RUNGbFFGMFd3NmNvcVE5RWdzQl9wVGQ1QkQydDdHdnhaTjQ5M0lISThFdlB0c3VkeHB1TDhZakJKdExvdGJTNGQzWTd3U1QxcjlNTjR6R3lWamk0cXB1UFRsd0hNbVRGWXgtNlM2Zm96QTdIa1NSVkpwcF9SNm1sWnpTUQ?oc=5\" target=\"_blank\" rel=\"nofollow noopener\">R\u00e9sum\u00e9 et casting ATP Finals Turin Tennis 2h05 2025 | CANAL+ Togo<\/a>&nbsp;&nbsp;CANAL+<\/li>\n<li><a href=\"https:\/\/news.google.com\/rss\/articles\/CBMi4gFBVV95cUxPZzQtYUhQMThDbnhXNGxNVjlkV0p6Sk5SdzdwZm9qN0F4aEJrbHVjTlc3S0RiOHFrMjJqbTVNUkxkeFd6OVk2OVU4X3VxWU1uUHRyM090US1kU1dEY1MxZHIzXzljXzl5dTh5Qm1KZGVqenVqX1d0Z1ZsbFRpYXFxMG13S1BJYTV5RDNIdkM2SDVGTHVqMnBzb0VxblQ0ejZBVDF2aEhpcC1ZYzd1bzhFTldPX3pzMVNDYmV4RURnY3dfSTBQTTh5dTNhV1B1QkExRnMwTUtSZWhZRU1hVVZvVkRn?oc=5\" target=\"_blank\" rel=\"nofollow noopener\">Classement ATP Race 2025 \u2013 N\u00b01 mondial, Masters : tous les sc\u00e9narios<\/a>&nbsp;&nbsp;Univers Tennis<\/li>\n<\/ol>\n","protected":false},"excerpt":{"rendered":"Pourquoi Carlos Alcaraz va redevenir num\u00e9ro 1 mondial aux d\u00e9pens de Jannik Sinner sans jouer&nbsp;&nbsp;L&rsquo;\u00c9quipe ATP Finals. Pourquoi&hellip;\n","protected":false},"author":2,"featured_media":513773,"comment_status":"","ping_status":"","sticky":false,"template":"","format":"standard","meta":{"footnotes":""},"categories":[1415],"tags":[1011,27,60,1467],"class_list":{"0":"post-513772","1":"post","2":"type-post","3":"status-publish","4":"format-standard","5":"has-post-thumbnail","7":"category-tennis","8":"tag-fr","9":"tag-france","10":"tag-sports","11":"tag-tennis"},"share_on_mastodon":{"url":"https:\/\/pubeurope.com\/@fr\/115497731568696524","error":""},"_links":{"self":[{"href":"https:\/\/www.europesays.com\/fr\/wp-json\/wp\/v2\/posts\/513772","targetHints":{"allow":["GET"]}}],"collection":[{"href":"https:\/\/www.europesays.com\/fr\/wp-json\/wp\/v2\/posts"}],"about":[{"href":"https:\/\/www.europesays.com\/fr\/wp-json\/wp\/v2\/types\/post"}],"author":[{"embeddable":true,"href":"https:\/\/www.europesays.com\/fr\/wp-json\/wp\/v2\/users\/2"}],"replies":[{"embeddable":true,"href":"https:\/\/www.europesays.com\/fr\/wp-json\/wp\/v2\/comments?post=513772"}],"version-history":[{"count":0,"href":"https:\/\/www.europesays.com\/fr\/wp-json\/wp\/v2\/posts\/513772\/revisions"}],"wp:featuredmedia":[{"embeddable":true,"href":"https:\/\/www.europesays.com\/fr\/wp-json\/wp\/v2\/media\/513773"}],"wp:attachment":[{"href":"https:\/\/www.europesays.com\/fr\/wp-json\/wp\/v2\/media?parent=513772"}],"wp:term":[{"taxonomy":"category","embeddable":true,"href":"https:\/\/www.europesays.com\/fr\/wp-json\/wp\/v2\/categories?post=513772"},{"taxonomy":"post_tag","embeddable":true,"href":"https:\/\/www.europesays.com\/fr\/wp-json\/wp\/v2\/tags?post=513772"}],"curies":[{"name":"wp","href":"https:\/\/api.w.org\/{rel}","templated":true}]}}