{"id":51378,"date":"2025-04-25T09:12:08","date_gmt":"2025-04-25T09:12:08","guid":{"rendered":"https:\/\/www.europesays.com\/fr\/51378\/"},"modified":"2025-04-25T09:12:08","modified_gmt":"2025-04-25T09:12:08","slug":"voici-les-deux-nouvelles-dates-de-leur-arena-tour","status":"publish","type":"post","link":"https:\/\/www.europesays.com\/fr\/51378\/","title":{"rendered":"voici les deux nouvelles dates de leur \u00ab\u00a0Arena Tour\u00a0\u00bb"},"content":{"rendered":"<p>Apr\u00e8s quatre concerts \u00e0 guichets ferm\u00e9s au Z\u00e9nith de Strasbourg <a href=\"https:\/\/www.dna.fr\/culture-loisirs\/2025\/02\/25\/l-arena-tour-d-indochine-illumine-le-zenith-de-strasbourg-les-plus-belles-images-du-premier-concert\" target=\"_blank\" rel=\"nofollow noopener\">les 25, 26, 28 f\u00e9vrier et 1er mars 2025<\/a>, Indochine reviendra dans la capitale alsacienne en 2026.<\/p>\n<p>Le groupe de Nicola Sirkis vient d&rsquo;ajouter deux nouvelles dates \u00e0 sa tourn\u00e9e \u00ab Arena Tour \u00bb : les 20 et 21 f\u00e9vrier 2026.<\/p>\n<p>Ils retourneront aussi au LDLC Arena de Lyon les 17 et 18 octobre 2025 et au Paris Accor Arena les 3 et 4 mars 2026.<\/p>\n<p>  Ouverture de la billetterie le 25 avril<\/p>\n<p>La billetterie pour ces nouvelles dates ouvre le jeudi 25 avril \u00e0 10 h.<\/p>\n","protected":false},"excerpt":{"rendered":"Apr\u00e8s quatre concerts \u00e0 guichets ferm\u00e9s au Z\u00e9nith de Strasbourg les 25, 26, 28 f\u00e9vrier et 1er mars&hellip;\n","protected":false},"author":2,"featured_media":51379,"comment_status":"","ping_status":"","sticky":false,"template":"","format":"standard","meta":{"footnotes":""},"categories":[2820],"tags":[1111,11,2389,2649,1687,2880,1777,674,107,1011,27,775,873,12,25,640],"class_list":{"0":"post-51378","1":"post","2":"type-post","3":"status-publish","4":"format-standard","5":"has-post-thumbnail","7":"category-strasbourg","8":"tag-actu","9":"tag-actualites","10":"tag-alsace","11":"tag-bas-rhin","12":"tag-culture-loisirs","13":"tag-edition-strasbourg","14":"tag-eu","15":"tag-europe","16":"tag-fil-info","17":"tag-fr","18":"tag-france","19":"tag-grand-est","20":"tag-musique","21":"tag-news","22":"tag-republique-francaise","23":"tag-strasbourg"},"share_on_mastodon":{"url":"https:\/\/pubeurope.com\/@fr\/114397835789738899","error":""},"_links":{"self":[{"href":"https:\/\/www.europesays.com\/fr\/wp-json\/wp\/v2\/posts\/51378","targetHints":{"allow":["GET"]}}],"collection":[{"href":"https:\/\/www.europesays.com\/fr\/wp-json\/wp\/v2\/posts"}],"about":[{"href":"https:\/\/www.europesays.com\/fr\/wp-json\/wp\/v2\/types\/post"}],"author":[{"embeddable":true,"href":"https:\/\/www.europesays.com\/fr\/wp-json\/wp\/v2\/users\/2"}],"replies":[{"embeddable":true,"href":"https:\/\/www.europesays.com\/fr\/wp-json\/wp\/v2\/comments?post=51378"}],"version-history":[{"count":0,"href":"https:\/\/www.europesays.com\/fr\/wp-json\/wp\/v2\/posts\/51378\/revisions"}],"wp:featuredmedia":[{"embeddable":true,"href":"https:\/\/www.europesays.com\/fr\/wp-json\/wp\/v2\/media\/51379"}],"wp:attachment":[{"href":"https:\/\/www.europesays.com\/fr\/wp-json\/wp\/v2\/media?parent=51378"}],"wp:term":[{"taxonomy":"category","embeddable":true,"href":"https:\/\/www.europesays.com\/fr\/wp-json\/wp\/v2\/categories?post=51378"},{"taxonomy":"post_tag","embeddable":true,"href":"https:\/\/www.europesays.com\/fr\/wp-json\/wp\/v2\/tags?post=51378"}],"curies":[{"name":"wp","href":"https:\/\/api.w.org\/{rel}","templated":true}]}}