{"id":513783,"date":"2025-11-05T15:20:10","date_gmt":"2025-11-05T15:20:10","guid":{"rendered":"https:\/\/www.europesays.com\/fr\/513783\/"},"modified":"2025-11-05T15:20:10","modified_gmt":"2025-11-05T15:20:10","slug":"la-maison-blanche-a-utilise-le-tube-de-taylor-swift-dans-un-clip-a-la-gloire-de-donald-trump","status":"publish","type":"post","link":"https:\/\/www.europesays.com\/fr\/513783\/","title":{"rendered":"la Maison Blanche a utilis\u00e9 le tube de Taylor Swift dans un clip \u00e0 la gloire de Donald Trump"},"content":{"rendered":"<p class=\"mb-4 text-lg md:leading-8 break-words\">L&rsquo;administration Trump a partag\u00e9 sur TikTok une vid\u00e9o patriotique louant les m\u00e9rites de son pr\u00e9sident avec, en fond, le titre phare du nouvel album de <a href=\"https:\/\/www.bfmtv.com\/people\/musique\/taylor-swift_DN-202405070442.html\" rel=\"nofollow noopener\" target=\"_blank\" data-ylk=\"slk:Taylor Swift;elm:context_link;itc:0;sec:content-canvas\" class=\"link \">Taylor Swift<\/a>, The Fate of Ophelia, actuellement num\u00e9ro 1 des charts am\u00e9ricains, a rapport\u00e9 <a href=\"https:\/\/variety.com\/2025\/music\/news\/white-house-taylor-swift-fate-of-ophelia-pro-trump-tiktok-video-1236569528\/\" rel=\"nofollow noopener\" target=\"_blank\" data-ylk=\"slk:Variety;elm:context_link;itc:0;sec:content-canvas\" class=\"link \">Variety<\/a> mardi.<\/p>\n<p class=\"mb-4 text-lg md:leading-8 break-words\">\u00c9tonnant lorsqu&rsquo;on conna\u00eet la vive et tr\u00e8s explicite animosit\u00e9 du <a href=\"https:\/\/fr.news.yahoo.com\/fian%C3%A7ailles-taylor-swift-travis-kelce-083506319.html\" data-ylk=\"slk:pr\u00e9sident des \u00c9tats-Unis;elm:context_link;itc:0;sec:content-canvas;outcm:mb_qualified_link;_E:mb_qualified_link;ct:story;\" class=\"link  yahoo-link\" rel=\"nofollow noopener\" target=\"_blank\">pr\u00e9sident des \u00c9tats-Unis<\/a> \u00e0 l&rsquo;\u00e9gard de la star de la pop depuis qu&rsquo;elle a soutenu Kamala Harris, son opposante d\u00e9mocrate, lors de l&rsquo;\u00e9lection pr\u00e9sidentielle de 2024. \u00c0 ce moment-l\u00e0, Taylor Swift avait d\u00e9j\u00e0 d\u00e9nonc\u00e9 l&rsquo;utilisation d&rsquo;une fausse image d&rsquo;elle visant \u00e0 faire croire qu&rsquo;elle soutenait Donald Trump.<\/p>\n<p class=\"mb-4 text-lg md:leading-8 break-words\">Pour la Maison Blanche, il s&rsquo;agissait, avec cette vid\u00e9o, de d\u00e9montrer la b\u00eatise des m\u00e9dias. \u00ab\u00a0Nous avons r\u00e9alis\u00e9 cette vid\u00e9o car nous savions que des m\u00e9dias comme Variety, connus pour leurs fausses informations, s\u2019empresseraient de la relayer. Bravo, vous vous \u00eates fait avoir\u00a0\u00bb, a ainsi r\u00e9pondu l&rsquo;administration Trump \u00e0 la demande de commentaires du magazine sp\u00e9cialis\u00e9. Taylor Swift n&rsquo;a quant \u00e0 elle pas r\u00e9agi.<\/p>\n<p>Farouche animosit\u00e9<\/p>\n<p class=\"mb-4 text-lg md:leading-8 break-words\">La vindicte du pr\u00e9sident des \u00c9tats-Unis \u00e0 l&rsquo;\u00e9gard de la chanteuse de country ne date pas d&rsquo;hier. \u00ab\u00a0<a href=\"https:\/\/fr.news.yahoo.com\/hais-taylor-swift-donald-trump-152902228.html\" data-ylk=\"slk:Je hais Taylor Swift!;elm:context_link;itc:0;sec:content-canvas;outcm:mb_qualified_link;_E:mb_qualified_link;ct:story;\" class=\"link  yahoo-link\" rel=\"nofollow noopener\" target=\"_blank\">Je hais Taylor Swift!<\/a>\u00ab\u00a0, avait \u00e9crit le locataire de la Maison Blanche sur Truth Social, quand celle-ci avait annonc\u00e9 son soutien \u00e0 Kamala Harris. Il avait aussi affirm\u00e9 que les ventes de musique de la chanteuse p\u00e2tiraient de cet appui, mais ce ne fut pas le cas.<\/p>\n<p class=\"mb-4 text-lg md:leading-8 break-words\">Le pr\u00e9sident a ensuite continu\u00e9 \u00e0 critiquer la chanteuse, c\u00e9l\u00e9brant notamment les hu\u00e9es dont elle avait \u00e9t\u00e9 victime au Super Bowl en f\u00e9vrier dernier. \u00ab\u00a0La seule \u00e0 avoir connu une soir\u00e9e plus difficile que les Chiefs de Kansas City, c&rsquo;est Taylor Swift. Elle s&rsquo;est fait huer hors du stade. MAGA est impitoyable!\u00a0\u00bb, s&rsquo;\u00e9tait-il exclam\u00e9. Cet \u00e9t\u00e9 encore, Donald Trump avait publi\u00e9 sur Truth Social: \u00ab\u00a0Quelqu&rsquo;un a-t-il remarqu\u00e9 que, depuis que j&rsquo;ai dit &lsquo;Je d\u00e9teste Taylor Swift&rsquo;, elle n&rsquo;est plus &lsquo;sexy&rsquo;?\u00a0\u00bb<\/p>\n<p class=\"mb-4 text-lg md:leading-8 break-words\">Mais, fin ao\u00fbt, Donald Trump avait momentan\u00e9ment mis entre parenth\u00e8ses sa croisade anti-Swift pour saluer ses <a href=\"https:\/\/rmc.bfmtv.com\/actualites\/people-culture\/video-la-chanteuse-americaine-taylor-swift-annonce-son-mariage-avec-travis-kelce-star-du-football-americain_VN-202508270195.html\" rel=\"nofollow noopener\" target=\"_blank\" data-ylk=\"slk:fian\u00e7ailles avec la star du football am\u00e9ricain Travis Kelce;elm:context_link;itc:0;sec:content-canvas\" class=\"link \">fian\u00e7ailles avec la star du football am\u00e9ricain Travis Kelce<\/a>. \u00ab\u00a0Je leur souhaite <a href=\"https:\/\/fr.news.yahoo.com\/fian%C3%A7ailles-taylor-swift-travis-kelce-083506319.html\" data-ylk=\"slk:beaucoup de chance;elm:context_link;itc:0;sec:content-canvas;outcm:mb_qualified_link;_E:mb_qualified_link;ct:story;\" class=\"link  yahoo-link\" rel=\"nofollow noopener\" target=\"_blank\">beaucoup de chance<\/a>, avait-il r\u00e9pondu \u00e0 des journalistes qui l&rsquo;interrogeaient sur le sujet \u00e0 la fin d&rsquo;un conseil des ministres. Je pense que c&rsquo;est un type super, je pense qu&rsquo;elle est une personne fantastique.\u00a0\u00bb<\/p>\n<p class=\"mb-4 text-lg md:leading-8 break-words\"><a href=\"https:\/\/www.bfmtv.com\/people\/musique\/the-fate-of-ophelia-la-maison-blanche-a-utilise-le-tube-de-taylor-swift-dans-un-clip-a-la-gloire-de-donald-trump_AN-202511050581.html#xtor=AL-68\" rel=\"nofollow noopener\" target=\"_blank\" data-ylk=\"slk:Article original publi\u00e9 sur BFMTV.com;elm:context_link;itc:0;sec:content-canvas\" class=\"link \">Article original publi\u00e9 sur BFMTV.com<\/a><\/p>\n","protected":false},"excerpt":{"rendered":"L&rsquo;administration Trump a partag\u00e9 sur TikTok une vid\u00e9o patriotique louant les m\u00e9rites de son pr\u00e9sident avec, en fond,&hellip;\n","protected":false},"author":2,"featured_media":513784,"comment_status":"","ping_status":"","sticky":false,"template":"","format":"standard","meta":{"footnotes":""},"categories":[1355],"tags":[58,59,1011,27,458,9005,1324,1361,873,1325,2713,45903,467],"class_list":{"0":"post-513783","1":"post","2":"type-post","3":"status-publish","4":"format-standard","5":"has-post-thumbnail","7":"category-musique","8":"tag-divertissement","9":"tag-entertainment","10":"tag-fr","11":"tag-france","12":"tag-kamala-harris","13":"tag-la-chanteuse","14":"tag-la-maison-blanche","15":"tag-music","16":"tag-musique","17":"tag-president-des-etats-unis","18":"tag-taylor-swift","19":"tag-travis-kelce","20":"tag-trump"},"share_on_mastodon":{"url":"https:\/\/pubeurope.com\/@fr\/115497771041185746","error":""},"_links":{"self":[{"href":"https:\/\/www.europesays.com\/fr\/wp-json\/wp\/v2\/posts\/513783","targetHints":{"allow":["GET"]}}],"collection":[{"href":"https:\/\/www.europesays.com\/fr\/wp-json\/wp\/v2\/posts"}],"about":[{"href":"https:\/\/www.europesays.com\/fr\/wp-json\/wp\/v2\/types\/post"}],"author":[{"embeddable":true,"href":"https:\/\/www.europesays.com\/fr\/wp-json\/wp\/v2\/users\/2"}],"replies":[{"embeddable":true,"href":"https:\/\/www.europesays.com\/fr\/wp-json\/wp\/v2\/comments?post=513783"}],"version-history":[{"count":0,"href":"https:\/\/www.europesays.com\/fr\/wp-json\/wp\/v2\/posts\/513783\/revisions"}],"wp:featuredmedia":[{"embeddable":true,"href":"https:\/\/www.europesays.com\/fr\/wp-json\/wp\/v2\/media\/513784"}],"wp:attachment":[{"href":"https:\/\/www.europesays.com\/fr\/wp-json\/wp\/v2\/media?parent=513783"}],"wp:term":[{"taxonomy":"category","embeddable":true,"href":"https:\/\/www.europesays.com\/fr\/wp-json\/wp\/v2\/categories?post=513783"},{"taxonomy":"post_tag","embeddable":true,"href":"https:\/\/www.europesays.com\/fr\/wp-json\/wp\/v2\/tags?post=513783"}],"curies":[{"name":"wp","href":"https:\/\/api.w.org\/{rel}","templated":true}]}}