{"id":513785,"date":"2025-11-05T15:21:29","date_gmt":"2025-11-05T15:21:29","guid":{"rendered":"https:\/\/www.europesays.com\/fr\/513785\/"},"modified":"2025-11-05T15:21:29","modified_gmt":"2025-11-05T15:21:29","slug":"deux-procureurs-linconnu-de-la-grande-arche-tas-pas-change-les-sorties-cinema-du-mercredi-5-no","status":"publish","type":"post","link":"https:\/\/www.europesays.com\/fr\/513785\/","title":{"rendered":"\u00ab\u00a0Deux procureurs\u00a0\u00bb, \u00ab\u00a0L\u2019Inconnu de la Grande Arche\u00a0\u00bb, \u00ab\u00a0T\u2019as pas chang\u00e9\u00a0\u00bb\u2026 Les sorties cin\u00e9ma du mercredi 5\u00a0novembre"},"content":{"rendered":"<p><b>\u2022 Deux procureurs <\/b>\u2b50\u2b50\u2b50<\/p>\n<p><b>de Sergue\u00ef Loznitsa <\/b>| Film ukrainien, 1\u00a0h\u00a058 | Drame historique<\/p>\n<p>En 1937, \u00e0 l\u2019apog\u00e9e de la terreur stalinienne, le jeune procureur id\u00e9aliste Alexander Kornev est fra\u00eechement nomm\u00e9 au parquet de sa r\u00e9gion. Saisi par un prisonnier politique, il d\u00e9cide de se rendre \u00e0 Moscou pour d\u00e9noncer les m\u00e9thodes du NKVD aupr\u00e8s du procureur g\u00e9n\u00e9ral Vychinski et se jette litt\u00e9ralement dans la gueule du loup.<\/p>\n<p><b>Notre avis\u00a0: <\/b>Dans une mise en sc\u00e8ne \u00e9pur\u00e9e, des plans soigneusement compos\u00e9s, des images aux tonalit\u00e9s \u00e9teintes, le parcours labyrinthique emprunt\u00e9 par Alexandre Kornev dans la prison ou au sein de la bureaucratie sovi\u00e9tique devient litt\u00e9ralement kafka\u00efen et d\u00e9monte l\u2019implacable m\u00e9canique totalitaire.<\/p>\n<p><b>\u00bb LIRE L\u2019ENTRETIEN : <\/b><a href=\"https:\/\/www.la-croix.com\/culture\/serguei-loznitsa-il-n-y-a-pas-eu-de-nuremberg-du-regime-sovietique-20251104\" data-tracking=\"inpage_click\" data-tracking-action=\"lire un article\" data-tracking-category=\"recirculation\" rel=\"nofollow noopener\" target=\"_blank\">Sergue\u00ef Loznitsa\u00a0: \u00ab\u00a0Il n\u2019y a pas eu de Nuremberg du r\u00e9gime sovi\u00e9tique\u00a0\u00bb<\/a><\/p>\n<p><b>\u00bb (RE)LIRE LA CRITIQUE\u00a0: <\/b><a href=\"https:\/\/www.la-croix.com\/culture\/cannes-2025-deux-procureurs-serguei-loznitsa-et-l-implacable-mecanique-totalitaire-20250514\" data-tracking=\"inpage_click\" data-tracking-action=\"lire un article\" data-tracking-category=\"recirculation\" rel=\"nofollow noopener\" target=\"_blank\">Cannes 2025\u00a0: \u00ab Deux procureurs \u00bb, Sergue\u00ef Loznitsa et l\u2019implacable m\u00e9canique totalitaire<\/a><\/p>\n<p class=\"article-embed-disclaimer__text\">\n                Ce contenu est bloqu\u00e9 car vous n&rsquo;avez pas accept\u00e9 les cookies et autres traceurs.\n            <\/p>\n<p>\n                Je g\u00e8re mes choix<br \/>\n                J&rsquo;autorise\n            <\/p>\n<p><b>\u2022 La Vague <\/b>\u2b50\u2b50\u2b50<\/p>\n<p><b>de Sebastian Lelio<\/b> |<b> <\/b>Film chilien, 2\u00a0h\u00a009 | Com\u00e9die musicale<\/p>\n<p>Oser m\u00ealer com\u00e9die musicale et d\u00e9nonciation des violences sexuelles, c\u2019est le pari r\u00e9ussi de ce film. Il s\u2019appuie sur les blocus universitaires men\u00e9s en 2018 dans tout le Chili en faveur des droits des femmes. Avec d\u2019autres \u00e9tudiantes, Julia recueille les t\u00e9moignages de filles harcel\u00e9es et viol\u00e9es. Malgr\u00e9 elle, elle devient la figure embl\u00e9matique de cette vague de r\u00e9volte qui submerge le pays.<\/p>\n<p><b>Notre avis\u00a0:<\/b> Une \u00e9nergie folle impr\u00e8gne les chansons et les chor\u00e9graphies expressives et charg\u00e9es d\u2019\u00e9motion de l\u2019Am\u00e9ricain Ryan Heffington. Si elle tend \u00e0 parfois trop r\u00e9p\u00e9ter certains motifs, la r\u00e9alisation riche en trouvailles donne sa pleine puissance \u00e0 ce r\u00e9cit.<\/p>\n<p><b>\u00bb LIRE LA CRITIQUE\u00a0: <\/b><a href=\"https:\/\/www.la-croix.com\/culture\/la-vague-colere-et-sororite-des-etudiantes-chiliennes-contre-les-violences-sexuelles-20251105\" data-tracking=\"inpage_click\" data-tracking-action=\"lire un article\" data-tracking-category=\"recirculation\" rel=\"nofollow noopener\" target=\"_blank\">\u00ab\u00a0La Vague\u00a0\u00bb,<b> <\/b>col\u00e8re et sororit\u00e9 des \u00e9tudiantes chiliennes contre les violences sexuelles<\/a><\/p>\n<p class=\"article-embed-disclaimer__text\">\n                Ce contenu est bloqu\u00e9 car vous n&rsquo;avez pas accept\u00e9 les cookies et autres traceurs.\n            <\/p>\n<p>\n                Je g\u00e8re mes choix<br \/>\n                J&rsquo;autorise\n            <\/p>\n<p><b>\u2022 Le Cinqui\u00e8me Plan de La Jet\u00e9e <\/b>\u2b50\u2b50\u2b50<\/p>\n<p><b>de Dominique Cabrera <\/b>| Documentaire fran\u00e7ais, 1\u00a0h\u00a044<\/p>\n<p>Dans La Jet\u00e9e (1962), c\u00e9l\u00e8bre court m\u00e9trage de Chris Marker, appara\u00eet au 5e plan l\u2019image d\u2019un couple de dos et d\u2019un petit gar\u00e7on accroch\u00e9 \u00e0 la balustrade de la jet\u00e9e d\u2019Orly, cette terrasse d\u2019o\u00f9 l\u2019on contemplait les avions d\u00e9coller et atterrir. Soixante ans plus tard, le cousin de la r\u00e9alisatrice, Dominique Cabrera, croit s\u2019y reconna\u00eetre avec ses parents. C\u2019est le point de d\u00e9part d\u2019une enqu\u00eate qui la ram\u00e8ne \u00e0 son histoire familiale, celle de rapatri\u00e9s d\u2019Alg\u00e9rie, et se m\u00eale au travail de Chris Marker qui tourne pr\u00e9cis\u00e9ment \u00e0 ce moment-l\u00e0 Le Joli Mai, sur lequel plane l\u2019ombre de la guerre d\u2019Alg\u00e9rie.<\/p>\n<p><b>Notre avis\u00a0:<\/b> Dominique Cabrera nous entra\u00eene dans une boucle temporelle o\u00f9 sa vocation de cin\u00e9aste semble encapsul\u00e9e \u00e0 la mani\u00e8re du h\u00e9ros de La Jet\u00e9e, prisonnier d\u2019une image d\u2019enfance qui le ram\u00e8ne inexorablement \u00e0 la terrasse d\u2019Orly, \u00ab\u00a0l\u00e0 o\u00f9 ma vie en France a commenc\u00e9\u00a0\u00bb, pr\u00e9cise la r\u00e9alisatrice. Une mise en ab\u00eeme vertigineuse et virtuose.<\/p>\n<p>Sur La\u00a0Croix aujourd\u2019hui<\/p>\n<p><b>\u00bb LIRE LA CRITIQUE\u00a0: <\/b><a href=\"https:\/\/www.la-croix.com\/culture\/le-cinquieme-plan-de-la-jetee-une-quete-familiale-et-cinematographique-20251104\" data-tracking=\"inpage_click\" data-tracking-action=\"lire un article\" data-tracking-category=\"recirculation\" rel=\"nofollow noopener\" target=\"_blank\">\u00ab\u00a0Le Cinqui\u00e8me Plan de La Jet\u00e9e\u00a0\u00bb, une qu\u00eate familiale et cin\u00e9matographique<\/a><\/p>\n<p class=\"article-embed-disclaimer__text\">\n                Ce contenu est bloqu\u00e9 car vous n&rsquo;avez pas accept\u00e9 les cookies et autres traceurs.\n            <\/p>\n<p>\n                Je g\u00e8re mes choix<br \/>\n                J&rsquo;autorise\n            <\/p>\n<p><b>\u2022 L\u2019Inconnu de la Grande Arche <\/b>\u2b50\u2b50<\/p>\n<p><b>de St\u00e9phane Demoustier <\/b>|<b> <\/b>Film fran\u00e7ais, 1\u00a0h\u00a043 | Drame<\/p>\n<p>Adaptation du roman de Laurence Coss\u00e9, le nouveau film de St\u00e9phane Demoustier raconte, sur le ton de la tragicom\u00e9die, la construction de la Grande Arche de la D\u00e9fense. On suit notamment l\u2019architecte danois Johan Otto von Spreckelsen, derri\u00e8re la conception du monument.<\/p>\n<p><b>Notre avis\u00a0:<\/b> St\u00e9phane Demoustier en a tir\u00e9 tout le potentiel tragicomique. Quitte \u00e0 forcer un peu sur le burlesque. Le r\u00e9alisateur est rest\u00e9 en surface lors de l\u2019exploration des motivations de l\u2019architecte, mais \u00e0 l\u2019image du monument, le film est plaisant \u00e0 regarder en d\u00e9pit de ses imperfections.<\/p>\n<p><b>\u00bb LIRE LA CRITIQUE\u00a0: <\/b><a href=\"https:\/\/www.la-croix.com\/culture\/l-inconnu-de-la-grande-arche-de-stephane-demoustier-portrait-dun-architecte-en-demiurge-20251104\" data-tracking=\"inpage_click\" data-tracking-action=\"lire un article\" data-tracking-category=\"recirculation\" rel=\"nofollow noopener\" target=\"_blank\">\u00ab\u00a0L\u2019Inconnu de la Grande Arche\u00a0\u00bb de St\u00e9phane Demoustier\u00a0: portrait d\u2019un architecte en d\u00e9miurge<\/a><\/p>\n<p class=\"article-embed-disclaimer__text\">\n                Ce contenu est bloqu\u00e9 car vous n&rsquo;avez pas accept\u00e9 les cookies et autres traceurs.\n            <\/p>\n<p>\n                Je g\u00e8re mes choix<br \/>\n                J&rsquo;autorise\n            <\/p>\n<p><b>\u2022 T\u2019as pas chang\u00e9 \u2b50\u2b50<\/b><\/p>\n<p><b>de J\u00e9r\u00f4me Commandeur<\/b> | Film fran\u00e7ais, 1\u00a0h\u00a045 | Com\u00e9die<\/p>\n<p>Tout commence par la mort brutale et un rien grotesque de Daniel (Micha\u00ebl Abiteboul). Ses anciens copains de lyc\u00e9e se r\u00e9unissent pour un dernier adieu. Chanteur, Herv\u00e9 (Laurent Lafitte) n\u2019en finit pas de surfer sur le succ\u00e8s de son tube de 1998 sans se soucier de sa ringardisation. Quitt\u00e9 par sa femme, Jordy (J\u00e9r\u00f4me Commandeur) accepte qu\u2019elle vive sous son toit avec son nouveau compagnon et la m\u00e8re de ce dernier. Devenu chauve, Maxime (Fran\u00e7ois Damiens) hurle sans cesse sur son fils. S\u2019y ajoute Anne (Vanessa Paradis), m\u00e9decin qui travaille avec son ex-mari et sa jeune \u00e9pouse infirmi\u00e8re. Herv\u00e9 d\u00e9cide d\u2019organiser une soir\u00e9e en l\u2019honneur de Daniel avec tous les \u00e9l\u00e8ves de leur classe de terminale. Mais la petite bande n\u2019a pas laiss\u00e9 que de bons souvenirs.<\/p>\n<p><b>Notre avis\u00a0: <\/b>Si elle aurait pu \u00eatre un peu raccourcie, cette com\u00e9die douce-am\u00e8re de J\u00e9r\u00f4me Commandeur noue habilement deux temporalit\u00e9s qui courent vers le d\u00e9sastre d\u2019une soir\u00e9e en 1993 et ses r\u00e9percussions trente ans plus tard. Avec son titre ironique, elle \u00e9voque avec rudesse, humour et douceur la peur de vieillir de ces quinquag\u00e9naires, leurs blessures de jeunesse encore \u00e0 vif, leurs regrets et leurs renoncements. Elle montre aussi, contre toute attente, la consolation que peuvent apporter ces retrouvailles tant redout\u00e9es.<\/p>\n<p><b>\u00bb LIRE LA CRITIQUE\u00a0: <\/b><a href=\"https:\/\/www.la-croix.com\/culture\/t-as-pas-change-jerome-commandeur-ironise-sur-notre-jeunesse-perdue-20251105\" data-tracking=\"inpage_click\" data-tracking-action=\"lire un article\" data-tracking-category=\"recirculation\" rel=\"nofollow noopener\" target=\"_blank\">\u00ab\u00a0T\u2019as pas chang\u00e9\u00a0\u00bb, J\u00e9r\u00f4me Commandeur ironise sur notre jeunesse perdue<\/a><\/p>\n<p class=\"article-embed-disclaimer__text\">\n                Ce contenu est bloqu\u00e9 car vous n&rsquo;avez pas accept\u00e9 les cookies et autres traceurs.\n            <\/p>\n<p>\n                Je g\u00e8re mes choix<br \/>\n                J&rsquo;autorise\n            <\/p>\n<p><b>\u2022 France, une histoire d\u2019amour \u2b50\u2b50<\/b><\/p>\n<p><b>de Michael Pitiot et Yann Arthus-Bertrand<\/b> | Documentaire fran\u00e7ais, 1\u00a0h\u00a045<\/p>\n<p>Le cin\u00e9aste Yann Arthus-Bertrand entend mettre \u00e0 l\u2019honneur une France dans ses grandes largeurs qui, loin de tout repli identitaire, d\u00e9fend le vivre-ensemble. Une France en lutte contre le d\u00e9r\u00e8glement climatique, la souffrance animale et la malbouffe.<\/p>\n<p><b>Notre avis\u00a0: <\/b>Le film prend des allures de road movie entre copains. Entass\u00e9s \u00e0 quatre dans la voiture du cor\u00e9alisateur Michael Pitiot, les comp\u00e8res vont sillonner l\u2019Hexagone. Une petite \u00e9quipe dont les bricolages assum\u00e9s, les coups de gueule et les cafouillages accroissent le caract\u00e8re attachant de ce documentaire g\u00e9n\u00e9reux.<\/p>\n<p><b>\u00bb LIRE LA CRITIQUE\u00a0: <\/b><a href=\"https:\/\/www.la-croix.com\/culture\/france-une-histoire-d-amour-le-road-movie-attachant-de-yann-arthus-bertrand-20251105\" data-tracking=\"inpage_click\" data-tracking-action=\"lire un article\" data-tracking-category=\"recirculation\" rel=\"nofollow noopener\" target=\"_blank\">\u00ab\u00a0France, une histoire d\u2019amour\u00a0\u00bb, L\u2019Hexagone des solidarit\u00e9s<\/a><\/p>\n<p class=\"article-embed-disclaimer__text\">\n                Ce contenu est bloqu\u00e9 car vous n&rsquo;avez pas accept\u00e9 les cookies et autres traceurs.\n            <\/p>\n<p>\n                Je g\u00e8re mes choix<br \/>\n                J&rsquo;autorise\n            <\/p>\n<p><b>\u2022 Les Braises<\/b> <b>\u2b50<\/b><\/p>\n<p><b>de Thomas Kruithof<\/b> | Film fran\u00e7ais, 1\u00a0h\u00a042 | Drame<\/p>\n<p>Karine (Virginie Efira) est contrema\u00eetre dans une usine lorsque surgit le mouvement des \u00ab\u00a0gilets jaunes\u00a0\u00bb, dans lequel elle s\u2019engage avec toute la ferveur de la novice. Mais si elle y trouve un chemin d\u2019anticipation et d\u00e9couvre l\u2019\u00e9lan du collectif, son engagement fait vaciller le couple pourtant uni qu\u2019elle forme depuis vingt ans avec Jimmy (Arieh Worthalter), un chauffeur routier qui travaille \u00e0 son compte.<\/p>\n<p><b>Notre avis\u00a0: <\/b>Thomas Kruithof a pris le parti de traiter l\u2019\u00e9pisode des \u00ab\u00a0gilets jaunes\u00a0\u00bb sur le mode intime en auscultant ses r\u00e9percussions sur la vie d\u2019un couple. Le r\u00e9alisateur, qui nous avait s\u00e9duit avec <a href=\"https:\/\/www.la-croix.com\/Culture\/Promesses-Municipale-politique-sinvite-grand-ecran-2022-01-25-1201196777\" data-tracking=\"inpage_click\" data-tracking-action=\"lire un article\" data-tracking-category=\"recirculation\" rel=\"nofollow noopener\" target=\"_blank\">Les Promesses,<\/a> o\u00f9 il dressait le portait ambigu d\u2019une maire de banlieue interpr\u00e9t\u00e9e par Isabelle Huppert, reste cette fois un peu en retrait de son sujet. Et l\u2019histoire tourne vite en rond malgr\u00e9 l\u2019engagement de ses deux com\u00e9diens.<\/p>\n<p class=\"article-embed-disclaimer__text\">\n                Ce contenu est bloqu\u00e9 car vous n&rsquo;avez pas accept\u00e9 les cookies et autres traceurs.\n            <\/p>\n<p>\n                Je g\u00e8re mes choix<br \/>\n                J&rsquo;autorise\n            <\/p>\n<p><b>\u2022 Le Roi des rois \u2b50<\/b><\/p>\n<p><b>de Seong-Ho Yang<\/b>\u00a0| Film d\u2019animation sud-cor\u00e9en et am\u00e9ricain, 1\u00a0h\u00a043 | \u00c0 partir de 7\u00a0ans<\/p>\n<p>Le film imagine comment le c\u00e9l\u00e8bre \u00e9crivain britannique Charles Dickens est amen\u00e9 \u00e0 trousser sa propre version de la vie de J\u00e9sus afin de calmer les ardeurs de Walter, son benjamin, gentiment aga\u00e7ant, qui ne cesse de rejouer les aventures du roi Arthur au lieu de filer au lit. Transport\u00e9s en Jud\u00e9e et Galil\u00e9e de l\u2019\u00e9poque romaine, dans des d\u00e9cors plut\u00f4t r\u00e9ussis, Charles et Walter assistent aux grands moments de la vie de J\u00e9sus de Nazareth, de la Nativit\u00e9 \u00e0 la R\u00e9surrection, en passant par une Passion sans effusion de sang mais tr\u00e8s explicite.<\/p>\n<p><b>Notre avis\u00a0: <\/b>Ce livre de cat\u00e9chisme anim\u00e9, qui \u00e9gr\u00e8ne les grands enseignements de J\u00e9sus, manque trop d\u2019humour, de chair et de subtilit\u00e9 pour susciter une quelconque \u00e9motion, spirituelle ou pas. En d\u00e9pit d\u2019un budget relativement confortable, l\u2019animation en images de synth\u00e8se n\u2019est pas toujours \u00e0 la hauteur des standards techniques am\u00e9ricains ou fran\u00e7ais.<\/p>\n<p class=\"article-embed-disclaimer__text\">\n                Ce contenu est bloqu\u00e9 car vous n&rsquo;avez pas accept\u00e9 les cookies et autres traceurs.\n            <\/p>\n<p>\n                Je g\u00e8re mes choix<br \/>\n                J&rsquo;autorise\n            <\/p>\n<p><b>\u00bb LIRE LA CRITIQUE\u00a0:<\/b> <a href=\"https:\/\/www.la-croix.com\/culture\/le-roi-des-rois-un-catechisme-en-images-animees-20251105\" data-tracking=\"inpage_click\" data-tracking-action=\"lire un article\" data-tracking-category=\"recirculation\" rel=\"nofollow noopener\" target=\"_blank\">\u00ab\u00a0Le Roi des rois\u00a0\u00bb, un cat\u00e9chisme en images anim\u00e9es<\/a><\/p>\n<p>\u21d2\u00a0<a href=\"https:\/\/www.la-croix.com\/culture\/l-etranger-la-femme-la-plus-riche-du-monde-smashing-machine-les-films-en-salles-mercredi-29-octobre-2025-20251029\" data-tracking=\"inpage_click\" data-tracking-action=\"lire un article\" data-tracking-category=\"recirculation\" rel=\"nofollow noopener\" target=\"_blank\"><b>Retrouvez<\/b>\u00a0<b>les critiques des films sortis la semaine derni\u00e8re<\/b><\/a><\/p>\n<p>\u26abNon\u00a0! \u2b50Pourquoi pas \u2b50\u2b50Bon film \u2b50\u2b50\u2b50Tr\u00e8s bon film \u2b50\u2b50\u2b50\u2b50Chef-d\u2019\u0153uvre<\/p>\n","protected":false},"excerpt":{"rendered":"\u2022 Deux procureurs \u2b50\u2b50\u2b50 de Sergue\u00ef Loznitsa | Film ukrainien, 1\u00a0h\u00a058 | Drame historique En 1937, \u00e0 l\u2019apog\u00e9e&hellip;\n","protected":false},"author":2,"featured_media":513786,"comment_status":"","ping_status":"","sticky":false,"template":"","format":"standard","meta":{"footnotes":""},"categories":[1354],"tags":[58,59,1346,1011,27,1360],"class_list":{"0":"post-513785","1":"post","2":"type-post","3":"status-publish","4":"format-standard","5":"has-post-thumbnail","7":"category-films","8":"tag-divertissement","9":"tag-entertainment","10":"tag-films","11":"tag-fr","12":"tag-france","13":"tag-movies"},"share_on_mastodon":{"url":"https:\/\/pubeurope.com\/@fr\/115497774932972893","error":""},"_links":{"self":[{"href":"https:\/\/www.europesays.com\/fr\/wp-json\/wp\/v2\/posts\/513785","targetHints":{"allow":["GET"]}}],"collection":[{"href":"https:\/\/www.europesays.com\/fr\/wp-json\/wp\/v2\/posts"}],"about":[{"href":"https:\/\/www.europesays.com\/fr\/wp-json\/wp\/v2\/types\/post"}],"author":[{"embeddable":true,"href":"https:\/\/www.europesays.com\/fr\/wp-json\/wp\/v2\/users\/2"}],"replies":[{"embeddable":true,"href":"https:\/\/www.europesays.com\/fr\/wp-json\/wp\/v2\/comments?post=513785"}],"version-history":[{"count":0,"href":"https:\/\/www.europesays.com\/fr\/wp-json\/wp\/v2\/posts\/513785\/revisions"}],"wp:featuredmedia":[{"embeddable":true,"href":"https:\/\/www.europesays.com\/fr\/wp-json\/wp\/v2\/media\/513786"}],"wp:attachment":[{"href":"https:\/\/www.europesays.com\/fr\/wp-json\/wp\/v2\/media?parent=513785"}],"wp:term":[{"taxonomy":"category","embeddable":true,"href":"https:\/\/www.europesays.com\/fr\/wp-json\/wp\/v2\/categories?post=513785"},{"taxonomy":"post_tag","embeddable":true,"href":"https:\/\/www.europesays.com\/fr\/wp-json\/wp\/v2\/tags?post=513785"}],"curies":[{"name":"wp","href":"https:\/\/api.w.org\/{rel}","templated":true}]}}