{"id":513796,"date":"2025-11-05T15:27:13","date_gmt":"2025-11-05T15:27:13","guid":{"rendered":"https:\/\/www.europesays.com\/fr\/513796\/"},"modified":"2025-11-05T15:27:13","modified_gmt":"2025-11-05T15:27:13","slug":"nouvelles-armes-russes-essais-nucleaires-americains-le-chef-detat-major-des-armees-francais-evoque-un-niveau-dagressivite-assez-exceptionnel-05-11-2025-a-1420","status":"publish","type":"post","link":"https:\/\/www.europesays.com\/fr\/513796\/","title":{"rendered":"Nouvelles armes russes, essais nucl\u00e9aires am\u00e9ricains : le chef d&rsquo;\u00c9tat-major des Arm\u00e9es fran\u00e7ais \u00e9voque un \u00ab\u00a0niveau d&rsquo;agressivit\u00e9 assez exceptionnel\u00a0\u00bb &#8211; 05\/11\/2025 \u00e0 14:20"},"content":{"rendered":"<p> Devant les s\u00e9nateurs, le plus haut grad\u00e9 fran\u00e7ais a par ailleurs r\u00e9affirm\u00e9 la n\u00e9cessit\u00e9 pour l&rsquo;arm\u00e9e fran\u00e7aise de se \u00ab\u00a0pr\u00e9parer \u00e0 un choc d&rsquo;ici trois ou quatre ans\u00a0\u00bb face \u00e0 la Russie.<\/p>\n<p>        <img decoding=\"async\" src=\"https:\/\/www.europesays.com\/fr\/wp-content\/uploads\/2025\/11\/0b443b033d934ae9ec4a5cb9ff0a39a6-760x521.jpg\" alt=\"Fabien Mandon \u00e0 Paris, le 4 septembre 2025. ( AFP \/ LUDOVIC MARIN )\" loading=\"eager\" fetchpriority=\"high\" width=\"760\" height=\"521\" style=\"max-width: 100%!important; height: auto;\"\/><\/p>\n<p class=\"c-image-news__legend\">Fabien Mandon \u00e0 Paris, le 4 septembre 2025. ( AFP \/ LUDOVIC MARIN )<\/p>\n<p>\n Le plus haut grad\u00e9 fran\u00e7ais, le g\u00e9n\u00e9ral Fabien Mandon, s&rsquo;est inqui\u00e9t\u00e9 mercredi 5 novembre d&rsquo;une \u00ab\u00a0atmosph\u00e8re sur le nucl\u00e9aire pr\u00e9occupante\u00a0\u00bb, alors que la Russie et les \u00c9tats-Unis rivalisent d&rsquo;annonces sur des essais d&rsquo;armement nucl\u00e9aires. Le chef d&rsquo;\u00e9tat-major des Arm\u00e9es pointe \u00ab\u00a0un niveau de discours et d&rsquo;agressivit\u00e9 (&#8230;) assez exceptionnel\u00a0\u00bb.\n<\/p>\n<p>\n Devant les s\u00e9nateurs de la commission des Affaires \u00e9trang\u00e8res et de la D\u00e9fense,Fabien Mandon a \u00e9voqu\u00e9 les tirs d&rsquo;essai fin octobre par la Russie de<br \/>\n <a href=\"https:\/\/www.boursorama.com\/actualite-economique\/actualites\/la-russie-a-teste-un-drone-sous-marin-a-capacite-nucleaire-assure-vladimir-poutine-9ea9930e8b53fa4e6f937919ef719270\" title=\"La Russie a test\u00e9 un drone sous-marin \u00e0 capacit\u00e9 nucl\u00e9aire, assure Vladimir Poutine\" target=\"_blank\" rel=\"noopener\"><br \/>\n  la torpille Pos\u00e9idon<br \/>\n <\/a><br \/>\n , \u00ab\u00a0qui serait capable d&#8217;emporter une charge nucl\u00e9aire\u00a0\u00bb et du<br \/>\n <a href=\"https:\/\/www.boursorama.com\/actualite-economique\/actualites\/oiseau-de-tempete-que-sait-on-du-nouveau-missile-de-croisiere-a-propulsion-nucleaire-teste-par-moscou-348c77c30c83d109a8af58d4a65e8507\" title=\" Oiseau de temp\u00eate  : que sait-on du nouveau missile de croisi\u00e8re \u00e0 propulsion nucl\u00e9aire test\u00e9 par Moscou ?\" target=\"_blank\" rel=\"noopener\"><br \/>\n  missile de croisi\u00e8re \u00e0 propulsion nucl\u00e9aire Bourevestnik<br \/>\n <\/a><br \/>\n .\n<\/p>\n<p>\n \u00ab\u00a0C&rsquo;est un missile qui a vol\u00e9 plus d&rsquo;une dizaine d&rsquo;heures de mani\u00e8re continue (&#8230;) \u00e7a permet d&rsquo;atteindre des distances extraordinaires. Et c&rsquo;est quelque chose qui met en \u0153uvre des technologies, notamment nucl\u00e9aires (&#8230; )<br \/>\n <strong><br \/>\n  des raisons de pr\u00e9occuper la plan\u00e8te<br \/>\n <\/strong><br \/>\n , puisqu&rsquo;un c\u0153ur nucl\u00e9aire qui vole dans une arme c&rsquo;est absolument pas anodin\u00a0\u00bb, a estim\u00e9 le g\u00e9n\u00e9ral Mandon.\n<\/p>\n<p> \u00ab\u00a0Ne pas \u00e9carter\u00a0\u00bb une attaque russe<\/p>\n<p>\n \u00ab\u00a0D&rsquo;ailleurs, le pr\u00e9sident am\u00e9ricain l&rsquo;a bien not\u00e9 puisque dans la foul\u00e9e, il a annonc\u00e9 la reprise, en tout cas, il a eu une expression qui laissait entendre que les \u00c9tats-Unis pourraient reprendre des essais nucl\u00e9aires\u00a0\u00bb, a-t-il affirm\u00e9. \u00ab\u00a0Donc, il y a quand m\u00eame une atmosph\u00e8re sur le nucl\u00e9aire qui est pr\u00e9occupante\u00a0\u00bb, selon lui, \u00ab\u00a0on est dans un niveau de discours et d&rsquo;agressivit\u00e9 dans les actes et les paroles qui est assez exceptionnel\u00a0\u00bb.\n<\/p>\n<p>\n L&rsquo;Iran a de son c\u00f4t\u00e9 annonc\u00e9 la reconstruction de ses installations nucl\u00e9aires, d\u00e9truites par les frappes isra\u00e9liennes et am\u00e9ricaines en juin, a-t-il \u00e9galement rappel\u00e9.\n<\/p>\n<p>\n Devant les s\u00e9nateurs, le plus haut grad\u00e9 fran\u00e7ais a par ailleurs r\u00e9affirm\u00e9 la n\u00e9cessit\u00e9 pour l&rsquo;arm\u00e9e fran\u00e7aise de se<br \/>\n <a href=\"https:\/\/www.boursorama.com\/actualite-economique\/actualites\/defense-l-armee-francaise-doit-etre-prete-a-faire-face-a-la-russie-dans-trois-quatre-ans-selon-le-chef-d-etat-major-francais-199aa8de3fe98fe75a6ce0eba9539481\" title=\"D\u00e9fense : l arm\u00e9e fran\u00e7aise doit \u00eatre pr\u00eate \u00e0 faire face \u00e0 la Russie dans  trois, quatre ans , selon le chef d \u00e9tat-major fran\u00e7ais\" target=\"_blank\" rel=\"noopener\"><br \/>\n  \u00ab\u00a0pr\u00e9parer \u00e0 un choc d&rsquo;ici trois ou quatre ans\u00a0\u00bb<br \/>\n <\/a><br \/>\n face \u00e0 la Russie.\n<\/p>\n<p>\n Face \u00e0 l&rsquo;absence de \u00ab\u00a0signe de la part de Moscou de volont\u00e9 de n\u00e9gocier ou de s&rsquo;arr\u00eater\u00a0\u00bb, \u00ab\u00a0le devoir pour un responsable militaire qui doit anticiper les choses, (est) de dire<br \/>\n <strong><br \/>\n  le sc\u00e9nario d&rsquo;un nouvel \u00e9pisode d&rsquo;attaque russe sur notre continent ne peut pas \u00eatre \u00e9cart\u00e9 et il faut s&rsquo;y pr\u00e9parer<br \/>\n <\/strong><br \/>\n \u00ab\u00a0, a expliqu\u00e9 le g\u00e9n\u00e9ral Mandon.<\/p>\n","protected":false},"excerpt":{"rendered":"Devant les s\u00e9nateurs, le plus haut grad\u00e9 fran\u00e7ais a par ailleurs r\u00e9affirm\u00e9 la n\u00e9cessit\u00e9 pour l&rsquo;arm\u00e9e fran\u00e7aise de&hellip;\n","protected":false},"author":2,"featured_media":513797,"comment_status":"","ping_status":"","sticky":false,"template":"","format":"standard","meta":{"footnotes":""},"categories":[5],"tags":[400,11,398,408,405,1011,27,403,14,402,399,404,12,401,406,407,28],"class_list":{"0":"post-513796","1":"post","2":"type-post","3":"status-publish","4":"format-standard","5":"has-post-thumbnail","7":"category-international","8":"tag-action-cac-40","9":"tag-actualites","10":"tag-bourse-de-paris","11":"tag-boursorama","12":"tag-cotations","13":"tag-fr","14":"tag-france","15":"tag-indices-devises","16":"tag-international","17":"tag-investir","18":"tag-investissement","19":"tag-marche-boursier","20":"tag-news","21":"tag-sicav","22":"tag-trackers","23":"tag-warrants","24":"tag-world"},"share_on_mastodon":{"url":"https:\/\/pubeurope.com\/@fr\/115497798568307760","error":""},"_links":{"self":[{"href":"https:\/\/www.europesays.com\/fr\/wp-json\/wp\/v2\/posts\/513796","targetHints":{"allow":["GET"]}}],"collection":[{"href":"https:\/\/www.europesays.com\/fr\/wp-json\/wp\/v2\/posts"}],"about":[{"href":"https:\/\/www.europesays.com\/fr\/wp-json\/wp\/v2\/types\/post"}],"author":[{"embeddable":true,"href":"https:\/\/www.europesays.com\/fr\/wp-json\/wp\/v2\/users\/2"}],"replies":[{"embeddable":true,"href":"https:\/\/www.europesays.com\/fr\/wp-json\/wp\/v2\/comments?post=513796"}],"version-history":[{"count":0,"href":"https:\/\/www.europesays.com\/fr\/wp-json\/wp\/v2\/posts\/513796\/revisions"}],"wp:featuredmedia":[{"embeddable":true,"href":"https:\/\/www.europesays.com\/fr\/wp-json\/wp\/v2\/media\/513797"}],"wp:attachment":[{"href":"https:\/\/www.europesays.com\/fr\/wp-json\/wp\/v2\/media?parent=513796"}],"wp:term":[{"taxonomy":"category","embeddable":true,"href":"https:\/\/www.europesays.com\/fr\/wp-json\/wp\/v2\/categories?post=513796"},{"taxonomy":"post_tag","embeddable":true,"href":"https:\/\/www.europesays.com\/fr\/wp-json\/wp\/v2\/tags?post=513796"}],"curies":[{"name":"wp","href":"https:\/\/api.w.org\/{rel}","templated":true}]}}