{"id":513808,"date":"2025-11-05T15:33:21","date_gmt":"2025-11-05T15:33:21","guid":{"rendered":"https:\/\/www.europesays.com\/fr\/513808\/"},"modified":"2025-11-05T15:33:21","modified_gmt":"2025-11-05T15:33:21","slug":"ligue-2-une-bonne-nouvelle-pour-laval-le-prochain-adversaire-de-las-nancy-lorraine","status":"publish","type":"post","link":"https:\/\/www.europesays.com\/fr\/513808\/","title":{"rendered":"Ligue 2. Une bonne nouvelle pour Laval, le prochain adversaire de l\u2019AS Nancy Lorraine"},"content":{"rendered":"<p>Les Corses risquent de crier au scandale apr\u00e8s la d\u00e9cision rendue, ce mercredi midi, par la commission des comp\u00e9titions de la LFP au sujet du match Bastia-Laval, annul\u00e9 le 24\u00a0octobre dernier, parce que les Lavallois n\u2019avaient pas pu rejoindre l\u2019\u00eele de Beaut\u00e9 en avion, la faute \u00e0 la \u00ab\u00a0Temp\u00eate Benjamin\u00a0\u00bb. <a href=\"https:\/\/www.estrepublicain.fr\/sport\/2025\/10\/27\/zoom-sur-le-prochain-adversaire-de-l-as-nancy-lorraine-bastia-a-peut-etre-debloque-son-compteur-de-succes-sur-tapis-vert\" target=\"_blank\" rel=\"noopener\">Le Sporting esp\u00e9rait bien obtenir la victoire sur tapis vert<\/a> , puisque des avions avaient pu se poser \u00e0 l\u2019a\u00e9roport de Bastia malgr\u00e9 tout ce jour-l\u00e0.<\/p>\n<p>Mais la Ligue vient de donner ce match Bastia-Laval \u00e0 jouer, bel et bien, \u00e0 la date du 25\u00a0novembre. Rappelons que ces deux \u00e9quipes occupent actuellement les deux derni\u00e8res places <a href=\"https:\/\/www.estrepublicain.fr\/sport\/classement\/football\/national-ligue-2\" target=\"_blank\" rel=\"noopener\">du classement de Ligue 2<\/a>. Bastia est lanterne rouge avec sept points seulement et les Lavallois, en visite ce vendredi au stade Marcel-Picot, se trouvent en dix-septi\u00e8me position, avec neuf unit\u00e9s.<\/p>\n","protected":false},"excerpt":{"rendered":"Les Corses risquent de crier au scandale apr\u00e8s la d\u00e9cision rendue, ce mercredi midi, par la commission des&hellip;\n","protected":false},"author":2,"featured_media":513809,"comment_status":"","ping_status":"","sticky":false,"template":"","format":"standard","meta":{"footnotes":""},"categories":[9635],"tags":[1111,11,3703,1704,1777,674,1701,63,1011,27,775,1702,1703,12,25,517,1700],"class_list":{"0":"post-513808","1":"post","2":"type-post","3":"status-publish","4":"format-standard","5":"has-post-thumbnail","7":"category-nancy","8":"tag-actu","9":"tag-actualites","10":"tag-asnl","11":"tag-edition-nancy-et-agglomeration","12":"tag-eu","13":"tag-europe","14":"tag-fil-info-sport","15":"tag-football","16":"tag-fr","17":"tag-france","18":"tag-grand-est","19":"tag-nancy","20":"tag-nancy-ville-54b","21":"tag-news","22":"tag-republique-francaise","23":"tag-sport","24":"tag-sport-lorrain"},"share_on_mastodon":{"url":"https:\/\/pubeurope.com\/@fr\/115497822154031404","error":""},"_links":{"self":[{"href":"https:\/\/www.europesays.com\/fr\/wp-json\/wp\/v2\/posts\/513808","targetHints":{"allow":["GET"]}}],"collection":[{"href":"https:\/\/www.europesays.com\/fr\/wp-json\/wp\/v2\/posts"}],"about":[{"href":"https:\/\/www.europesays.com\/fr\/wp-json\/wp\/v2\/types\/post"}],"author":[{"embeddable":true,"href":"https:\/\/www.europesays.com\/fr\/wp-json\/wp\/v2\/users\/2"}],"replies":[{"embeddable":true,"href":"https:\/\/www.europesays.com\/fr\/wp-json\/wp\/v2\/comments?post=513808"}],"version-history":[{"count":0,"href":"https:\/\/www.europesays.com\/fr\/wp-json\/wp\/v2\/posts\/513808\/revisions"}],"wp:featuredmedia":[{"embeddable":true,"href":"https:\/\/www.europesays.com\/fr\/wp-json\/wp\/v2\/media\/513809"}],"wp:attachment":[{"href":"https:\/\/www.europesays.com\/fr\/wp-json\/wp\/v2\/media?parent=513808"}],"wp:term":[{"taxonomy":"category","embeddable":true,"href":"https:\/\/www.europesays.com\/fr\/wp-json\/wp\/v2\/categories?post=513808"},{"taxonomy":"post_tag","embeddable":true,"href":"https:\/\/www.europesays.com\/fr\/wp-json\/wp\/v2\/tags?post=513808"}],"curies":[{"name":"wp","href":"https:\/\/api.w.org\/{rel}","templated":true}]}}