{"id":513822,"date":"2025-11-05T15:40:10","date_gmt":"2025-11-05T15:40:10","guid":{"rendered":"https:\/\/www.europesays.com\/fr\/513822\/"},"modified":"2025-11-05T15:40:10","modified_gmt":"2025-11-05T15:40:10","slug":"sncf-grosse-pagaille-en-cours-en-gare-de-grenoble-plusieurs-trains-supprimes-ce-quil-se-passe","status":"publish","type":"post","link":"https:\/\/www.europesays.com\/fr\/513822\/","title":{"rendered":"SNCF. Grosse pagaille en cours en gare de Grenoble, plusieurs trains supprim\u00e9s : ce qu&rsquo;il se passe"},"content":{"rendered":"<p>            Par<br \/>\n        <strong><br \/>\n            <a href=\"https:\/\/actu.fr\/auteur\/julien-sournies\" title=\"Consulter tous les articles de Julien Sournies\" rel=\"nofollow noopener\" target=\"_blank\">Julien Sournies<\/a><br \/>\n        <\/strong><\/p>\n<p>        Publi\u00e9 le<\/p>\n<p>            5 nov. 2025 \u00e0 16h32        <\/p>\n<p>L\u2019apr\u00e8s-midi est agit\u00e9e sur le r\u00e9seau ferr\u00e9 dans le secteur de <a href=\"https:\/\/actu.fr\/grenoble\/\" rel=\"nofollow noopener\" target=\"_blank\">Grenoble<\/a> (Is\u00e8re).<\/p>\n<p class=\" wall-content\">En raison de deux personnes respectivement heurt\u00e9es par un train \u00e0 hauteur des communes de Brignoud et Moirans, le trafic est fortement <strong>impact\u00e9<\/strong> ce mercredi 5\u00a0novembre apr\u00e8s-midi depuis la capitale des Alpes. En cons\u00e9quence, plusieurs trains ont d\u00fb \u00eatre supprim\u00e9s.<\/p>\n<p>Des trains supprim\u00e9s et du retard<\/p>\n<p class=\" wall-content\">C\u2019est le cas notamment des trains TER de 15h30, 16h30 et 17h05 \u00e0 destination de Valence-Ville. Idem pour le train TER de 15h32 vers Annecy, de 15h54 vers Saint-Andr\u00e9-le-Gaz et de 16h39 vers Chamb\u00e9ry.<\/p>\n<p class=\" wall-content\">Sur la ligne Grenoble-Lyon, le train de 16h21 vers Lyon Part-Dieu accuse actuellement 1h de retard.<\/p>\n<p>Reprise estim\u00e9e \u00e0 18h sur la ligne Grenoble-Chamb\u00e9ry<\/p>\n<p class=\" wall-content\">S\u2019il a progressivement repris sur les lignes Valence-Grenoble et Lyon-Grenoble, le trafic reste toujours interrompu dans le sens inverse, le temps de finir les interventions n\u00e9cessaires.<\/p>\n<p class=\" wall-content\">Du c\u00f4t\u00e9 de la ligne Grenoble-Chamb\u00e9ry, l\u2019intervention des \u00e9quipes sp\u00e9cialis\u00e9es a d\u00e9but\u00e9 et l\u2019heure de reprise du trafic est estim\u00e9e pour 18h.<\/p>\n<p class=\" wall-content\">La SNCF pr\u00e9cise par ailleurs que les deux incidents ne sont \u00ab\u2009pas li\u00e9s, mais c\u2019est assez incroyable d\u2019avoir un cumul d\u2019incidents similaire dans la m\u00eame zone g\u00e9ographique. Heureusement, c\u2019est <strong>rare\u2009<\/strong>\u00bb.<\/p>\n<p class=\" wall-content\">Personnalisez votre actualit\u00e9 en ajoutant vos villes et m\u00e9dias en favori avec <a href=\"https:\/\/moncompte.actu.fr\" title=\"D\u00e9couvez Mon Actu\" rel=\"nofollow noopener\" data-trk=\"{&quot;cta&quot;:{&quot;action&quot;:&quot;https:\\\/\\\/moncompte.actu.fr&quot;,&quot;category&quot;:&quot;mon compte&quot;,&quot;from&quot;:&quot;article footer&quot;,&quot;name&quot;:&quot;Mon actu&quot;,&quot;type&quot;:&quot;cta&quot;}}\" target=\"_blank\">Mon Actu<\/a>.<\/p>\n","protected":false},"excerpt":{"rendered":"Par Julien Sournies Publi\u00e9 le 5 nov. 2025 \u00e0 16h32 L\u2019apr\u00e8s-midi est agit\u00e9e sur le r\u00e9seau ferr\u00e9 dans&hellip;\n","protected":false},"author":2,"featured_media":33871,"comment_status":"","ping_status":"","sticky":false,"template":"","format":"standard","meta":{"footnotes":""},"categories":[9566],"tags":[119,1111,11,2430,1777,674,1011,27,2731,12,25,2215,104,2803],"class_list":{"0":"post-513822","1":"post","2":"type-post","3":"status-publish","4":"format-standard","5":"has-post-thumbnail","7":"category-grenoble","8":"tag-accident","9":"tag-actu","10":"tag-actualites","11":"tag-auvergne-rhone-alpes","12":"tag-eu","13":"tag-europe","14":"tag-fr","15":"tag-france","16":"tag-grenoble","17":"tag-news","18":"tag-republique-francaise","19":"tag-sncf","20":"tag-societe","21":"tag-transport"},"share_on_mastodon":{"url":"https:\/\/pubeurope.com\/@fr\/115497849558051088","error":""},"_links":{"self":[{"href":"https:\/\/www.europesays.com\/fr\/wp-json\/wp\/v2\/posts\/513822","targetHints":{"allow":["GET"]}}],"collection":[{"href":"https:\/\/www.europesays.com\/fr\/wp-json\/wp\/v2\/posts"}],"about":[{"href":"https:\/\/www.europesays.com\/fr\/wp-json\/wp\/v2\/types\/post"}],"author":[{"embeddable":true,"href":"https:\/\/www.europesays.com\/fr\/wp-json\/wp\/v2\/users\/2"}],"replies":[{"embeddable":true,"href":"https:\/\/www.europesays.com\/fr\/wp-json\/wp\/v2\/comments?post=513822"}],"version-history":[{"count":0,"href":"https:\/\/www.europesays.com\/fr\/wp-json\/wp\/v2\/posts\/513822\/revisions"}],"wp:featuredmedia":[{"embeddable":true,"href":"https:\/\/www.europesays.com\/fr\/wp-json\/wp\/v2\/media\/33871"}],"wp:attachment":[{"href":"https:\/\/www.europesays.com\/fr\/wp-json\/wp\/v2\/media?parent=513822"}],"wp:term":[{"taxonomy":"category","embeddable":true,"href":"https:\/\/www.europesays.com\/fr\/wp-json\/wp\/v2\/categories?post=513822"},{"taxonomy":"post_tag","embeddable":true,"href":"https:\/\/www.europesays.com\/fr\/wp-json\/wp\/v2\/tags?post=513822"}],"curies":[{"name":"wp","href":"https:\/\/api.w.org\/{rel}","templated":true}]}}