{"id":513823,"date":"2025-11-05T15:41:17","date_gmt":"2025-11-05T15:41:17","guid":{"rendered":"https:\/\/www.europesays.com\/fr\/513823\/"},"modified":"2025-11-05T15:41:17","modified_gmt":"2025-11-05T15:41:17","slug":"isere-deux-personnes-percutees-par-des-trains-le-trafic-de-plusieurs-ter-interrompu","status":"publish","type":"post","link":"https:\/\/www.europesays.com\/fr\/513823\/","title":{"rendered":"Is\u00e8re : deux personnes percut\u00e9es par des trains, le trafic de plusieurs TER interrompu"},"content":{"rendered":"<p>Ce mercredi 5 novembre, deux personnes ont \u00e9t\u00e9 percut\u00e9es par des trains en Is\u00e8re. Le trafic SNCF de certains TER en Auvergne-Rh\u00f4ne-Alpes est interrompu.<\/p>\n<p>Mise \u00e0 jour \u00e0 16h15<\/p>\n<p>Sur l&rsquo;axe Grenoble-Chamb\u00e9ry, la SNCF indique que l&rsquo;intervention des \u00e9quipes sp\u00e9cialis\u00e9es a d\u00e9but\u00e9.<\/p>\n<p>La reprise de la circulation des trains est estim\u00e9e <b>pour 18h<\/b> sur la ligne.<\/p>\n<p>Article initial<\/p>\n<p>Deux personnes percut\u00e9es par des trains en <b>Auvergne-Rh\u00f4ne-Alpes.<\/b> Les faits se sont d\u00e9roul\u00e9s mercredi 5 novembre en Is\u00e8re.<\/p>\n<p>Deux personnes percut\u00e9es par deux trains<\/p>\n<p>La premi\u00e8re personne a \u00e9t\u00e9 heurt\u00e9e sur la commune de <b>La Pierre <\/b>au nord-est de Grenoble, interrompant le trafic entre <b>Grenoble <\/b>et <b>Chamb\u00e9ry<\/b>.<br \/>La seconde victime a \u00e9t\u00e9 percut\u00e9e \u00e0 <b>Moirans <\/b>au sud de Voiron. Elle a \u00e9t\u00e9 prise en charge par les secours.<\/p>\n<p>Les axes <b>Grenoble-Valence<\/b> et <b>Grenoble-Lyon<\/b> sont toujours interrompus.<\/p>\n<p>L&rsquo;\u00e9tat de sant\u00e9 des deux personnes reste inconnue.<\/p>\n<p>Une voiture heurt\u00e9e par un train<\/p>\n<p>Un troisi\u00e8me accident est survenu sur les rails vers vers Saint-\u00c9gr\u00e8ve-Saint-Robert : une voiture a \u00e9t\u00e9 percut\u00e9e par un train.<\/p>\n<p>Le trafic sur les lignes Grenoble-Valence et Grenoble-Lyon reste donc interrompu en raison de tous ces incidents.<\/p>\n<p>Plus d&rsquo;informations \u00e0 venir\u2026<\/p>\n<p><img loading=\"lazy\" decoding=\"async\" src=\"https:\/\/www.europesays.com\/fr\/wp-content\/uploads\/2025\/11\/1762357277_585_img\" width=\"350\" height=\"200\" border=\"0\" title=\"Un spectacle de drones pour la F\u00c3\u00aate des Lumi\u00c3\u00a8res 2025 \u00c3\u00a0 Lyon !\"\/><\/p>\n<p>\u25baCulture<\/p>\n<p style=\"font-size: 22px;\"><b>F\u00eate des Lumi\u00e8res 2025 \u00e0 Lyon : des drones, la grande nouveaut\u00e9 !<\/b><\/p>\n<p>L&rsquo;\u00e9dition 2025 de la F\u00eate des Lumi\u00e8res de Lyon&#8230;<\/p>\n<p><\/p>\n","protected":false},"excerpt":{"rendered":"Ce mercredi 5 novembre, deux personnes ont \u00e9t\u00e9 percut\u00e9es par des trains en Is\u00e8re. Le trafic SNCF de&hellip;\n","protected":false},"author":2,"featured_media":386200,"comment_status":"","ping_status":"","sticky":false,"template":"","format":"standard","meta":{"footnotes":""},"categories":[9566],"tags":[1111,11,30026,2430,63454,12362,1777,674,1011,27,2731,21292,12,25,19840,2215,63453,2733,7831],"class_list":{"0":"post-513823","1":"post","2":"type-post","3":"status-publish","4":"format-standard","5":"has-post-thumbnail","7":"category-grenoble","8":"tag-actu","9":"tag-actualites","10":"tag-auvergne-rhne-alpes","11":"tag-auvergne-rhone-alpes","12":"tag-brignoud","13":"tag-chambry","14":"tag-eu","15":"tag-europe","16":"tag-fr","17":"tag-france","18":"tag-grenoble","19":"tag-moirans","20":"tag-news","21":"tag-republique-francaise","22":"tag-saint-andr-le-gaz","23":"tag-sncf","24":"tag-ter-sncf","25":"tag-valence","26":"tag-voiron"},"share_on_mastodon":{"url":"https:\/\/pubeurope.com\/@fr\/115497854077758593","error":""},"_links":{"self":[{"href":"https:\/\/www.europesays.com\/fr\/wp-json\/wp\/v2\/posts\/513823","targetHints":{"allow":["GET"]}}],"collection":[{"href":"https:\/\/www.europesays.com\/fr\/wp-json\/wp\/v2\/posts"}],"about":[{"href":"https:\/\/www.europesays.com\/fr\/wp-json\/wp\/v2\/types\/post"}],"author":[{"embeddable":true,"href":"https:\/\/www.europesays.com\/fr\/wp-json\/wp\/v2\/users\/2"}],"replies":[{"embeddable":true,"href":"https:\/\/www.europesays.com\/fr\/wp-json\/wp\/v2\/comments?post=513823"}],"version-history":[{"count":0,"href":"https:\/\/www.europesays.com\/fr\/wp-json\/wp\/v2\/posts\/513823\/revisions"}],"wp:featuredmedia":[{"embeddable":true,"href":"https:\/\/www.europesays.com\/fr\/wp-json\/wp\/v2\/media\/386200"}],"wp:attachment":[{"href":"https:\/\/www.europesays.com\/fr\/wp-json\/wp\/v2\/media?parent=513823"}],"wp:term":[{"taxonomy":"category","embeddable":true,"href":"https:\/\/www.europesays.com\/fr\/wp-json\/wp\/v2\/categories?post=513823"},{"taxonomy":"post_tag","embeddable":true,"href":"https:\/\/www.europesays.com\/fr\/wp-json\/wp\/v2\/tags?post=513823"}],"curies":[{"name":"wp","href":"https:\/\/api.w.org\/{rel}","templated":true}]}}