{"id":513824,"date":"2025-11-05T15:42:09","date_gmt":"2025-11-05T15:42:09","guid":{"rendered":"https:\/\/www.europesays.com\/fr\/513824\/"},"modified":"2025-11-05T15:42:09","modified_gmt":"2025-11-05T15:42:09","slug":"lecteur-lectrice-devenez-redacteur-en-chef-dun-jour-douest-france","status":"publish","type":"post","link":"https:\/\/www.europesays.com\/fr\/513824\/","title":{"rendered":"Lecteur, lectrice, devenez r\u00e9dacteur en chef d\u2019un jour d\u2019Ouest-France\u00a0!"},"content":{"rendered":"<p>Et si vous participiez aux conf\u00e9rences de r\u00e9daction d\u2019Ouest-France\u00a0? Que vous donniez votre avis sur les choix des sujets\u00a0? La fa\u00e7on de les traiter\u00a0? La une du journal\u00a0? Mardi 25\u00a0novembre 2025, la veille du lancement de la nouvelle maquette du journal num\u00e9rique et papier, c\u2019est l\u2019invitation que vous lance la r\u00e9daction\u00a0: soyez la r\u00e9dactrice en chef, le r\u00e9dacteur en chef d\u2019un jour\u00a0!<\/p>\n<p>Accompagn\u00e9s des journalistes de la r\u00e9daction du si\u00e8ge \u00e0 Rennes, vous serez guid\u00e9s pas \u00e0 pas, de la premi\u00e8re r\u00e9union de la journ\u00e9e \u00e0 9\u00a0h\u00a015 jusqu\u2019au bouclage, vers 21\u00a0h\u00a030. Plong\u00e9 dans les coulisses de la fabrication de l\u2019information, vous participerez aux \u00e9changes et \u00e0 la construction du journal et de la une du lendemain. Vous pourrez prolonger l\u2019exp\u00e9rience par la visite des rotatives pour repartir avec \u00ab\u00a0votre\u00a0\u00bb journal. Une longue journ\u00e9e \u00e0 la d\u00e9couverte des m\u00e9tiers d\u2019Ouest-France et au cours de laquelle vous pourrez poser toutes vos questions sur l\u2019\u00e9laboration de l\u2019information.<\/p>\n<p>Nous recueillerons \u00e9galement vos impressions et votre portrait sera publi\u00e9 dans la rubrique \u00ab\u00a0Courrier des lectrices et des lecteurs\u00a0\u00bb du lendemain.<\/p>\n<p>Que vous soyez abonn\u00e9 fid\u00e8le ou lecteur occasionnel, vous \u00eates toutes et tous les bienvenues. Mais attention, il n\u2019y a que quatre places\u00a0! Pour participer et tenter de d\u00e9crocher la v\u00f4tre, il vous suffit de remplir le formulaire ci-dessus. Dites-nous quel lecteur vous \u00eates et ce qui vous motive \u00e0 nous rejoindre le temps d\u2019une journ\u00e9e. \u00c0 bient\u00f4t\u00a0?<\/p>\n<p>\u00a0<\/p>\n","protected":false},"excerpt":{"rendered":"Et si vous participiez aux conf\u00e9rences de r\u00e9daction d\u2019Ouest-France\u00a0? Que vous donniez votre avis sur les choix des&hellip;\n","protected":false},"author":2,"featured_media":513825,"comment_status":"","ping_status":"","sticky":false,"template":"","format":"standard","meta":{"footnotes":""},"categories":[2821],"tags":[1111,11,829,7818,30171,1777,674,1011,27,4432,13555,36320,12,7418,63455,584,25],"class_list":{"0":"post-513824","1":"post","2":"type-post","3":"status-publish","4":"format-standard","5":"has-post-thumbnail","7":"category-rennes","8":"tag-actu","9":"tag-actualites","10":"tag-bretagne","11":"tag-chef","12":"tag-devenez","13":"tag-eu","14":"tag-europe","15":"tag-fr","16":"tag-france","17":"tag-jour","18":"tag-lecteur","19":"tag-lectrice","20":"tag-news","21":"tag-ouest-france","22":"tag-redacteur","23":"tag-rennes","24":"tag-republique-francaise"},"share_on_mastodon":{"url":"https:\/\/pubeurope.com\/@fr\/115497857555085555","error":""},"_links":{"self":[{"href":"https:\/\/www.europesays.com\/fr\/wp-json\/wp\/v2\/posts\/513824","targetHints":{"allow":["GET"]}}],"collection":[{"href":"https:\/\/www.europesays.com\/fr\/wp-json\/wp\/v2\/posts"}],"about":[{"href":"https:\/\/www.europesays.com\/fr\/wp-json\/wp\/v2\/types\/post"}],"author":[{"embeddable":true,"href":"https:\/\/www.europesays.com\/fr\/wp-json\/wp\/v2\/users\/2"}],"replies":[{"embeddable":true,"href":"https:\/\/www.europesays.com\/fr\/wp-json\/wp\/v2\/comments?post=513824"}],"version-history":[{"count":0,"href":"https:\/\/www.europesays.com\/fr\/wp-json\/wp\/v2\/posts\/513824\/revisions"}],"wp:featuredmedia":[{"embeddable":true,"href":"https:\/\/www.europesays.com\/fr\/wp-json\/wp\/v2\/media\/513825"}],"wp:attachment":[{"href":"https:\/\/www.europesays.com\/fr\/wp-json\/wp\/v2\/media?parent=513824"}],"wp:term":[{"taxonomy":"category","embeddable":true,"href":"https:\/\/www.europesays.com\/fr\/wp-json\/wp\/v2\/categories?post=513824"},{"taxonomy":"post_tag","embeddable":true,"href":"https:\/\/www.europesays.com\/fr\/wp-json\/wp\/v2\/tags?post=513824"}],"curies":[{"name":"wp","href":"https:\/\/api.w.org\/{rel}","templated":true}]}}