{"id":513826,"date":"2025-11-05T15:43:13","date_gmt":"2025-11-05T15:43:13","guid":{"rendered":"https:\/\/www.europesays.com\/fr\/513826\/"},"modified":"2025-11-05T15:43:13","modified_gmt":"2025-11-05T15:43:13","slug":"envisager-de-fermer-le-blizz-serait-dramatique-a-rennes-la-patinoire-est-elle-en-danger","status":"publish","type":"post","link":"https:\/\/www.europesays.com\/fr\/513826\/","title":{"rendered":"\u00ab\u00a0Envisager de fermer Le Blizz serait dramatique\u00a0\u00bb\u00a0: \u00e0 Rennes, la patinoire est-elle en danger\u00a0?"},"content":{"rendered":"<p>Il veut en faire l\u2019un des marqueurs de sa campagne pour les municipales 2026 \u00e0 Rennes. Il y a dix jours, Charles Compagnon (Horizons), chef de file avec Carole Gandon (Renaissance) de la liste Vivre Rennes, a lanc\u00e9 une p\u00e9tition intitul\u00e9e \u00ab Sauvons la patinoire Le Blizz \u00bb, qui a recueilli quelque 6 500 signatures.<\/p>\n<p>Une p\u00e9tition soutenue par les clubs de glace rennais lanc\u00e9e pour alerter \u00ab sur le risque s\u00e9rieux de fermeture de la patinoire, voulu par les \u00c9cologistes, estime-t-il. Nous, on ne fermera pas la patinoire et au contraire, on est ambitieux. Il y a plein de pistes d\u2019am\u00e9lioration pour en faire la patinoire la plus \u00e9cologique de France, comme la r\u00e9novation du toit ou l\u2019installation de panneaux solaires. On veut en faire un p\u00f4le d\u2019attractivit\u00e9 de la glace en France. Envisager de fermer Le Blizz serait dramatique \u00bb.<\/p>\n<p>\u00ab Fermer la patinoire signifierait la fin de nos clubs \u00bb<\/p>\n<p>\u00ab Fermer la patinoire signifierait la fin de nos clubs, d\u00e9plore Julien Nerat, pr\u00e9sident du Club des sports de glace de Rennes. On a deux CDI \u00e0 temps plein qui seraient sur le carreau. On a 350 licenci\u00e9s, de bons r\u00e9sultats, et la patinoire est pour le grand public un lieu de mixit\u00e9 sociale et d\u2019inclusion. C\u2019est dommage de ne le voir que comme un \u00e9quipement \u00e9nergivore \u00bb.<\/p>\n<p>Plusieurs fois au cours du mandat, les \u00e9lus \u00e9cologistes de Rennes, membres de la majorit\u00e9 municipale de Nathalie App\u00e9r\u00e9, ont fustig\u00e9 le caract\u00e8re \u00e9nergivore de cet \u00e9quipement qui accueille 200 000 personnes chaque ann\u00e9e et h\u00e9berge plusieurs clubs et leurs 750 licenci\u00e9s. Une critique entendue par la maire de Rennes et les Socialistes, puisque depuis 2023, <a href=\"https:\/\/www.letelegramme.fr\/ille-et-vilaine\/rennes-35000\/a-rennes-pourquoi-la-patinoire-le-blizz-va-fermer-tout-l-ete-4057592.php\" target=\"_blank\" rel=\"noopener\">la patinoire se transforme en piste de roller durant 16 semaines<\/a>, de juin \u00e0 septembre.<\/p>\n<p>L\u2019id\u00e9e d\u2019une \u00ab reconversion vers d\u2019autres usages sportifs \u00bb<\/p>\n<p>Lors du conseil municipal de septembre 2025, la conseill\u00e8re municipale \u00e9colo Lucile Koch \u00e9tait all\u00e9e plus loin et avait appel\u00e9 \u00e0 la mise en place d\u2019un jury citoyen sur l\u2019avenir du Blizz, comme cela fut le cas pour le <a href=\"https:\/\/www.letelegramme.fr\/ille-et-vilaine\/rennes-35000\/demolition-du-parking-vilaine-a-rennes-la-phase-la-plus-spectaculaire-du-chantier-a-demarre-6921915.php\" target=\"_blank\" rel=\"noopener\">parking Vilaine, aujourd\u2019hui en cours de destruction<\/a>. Elle avait \u00e0 cette occasion d\u00e9fendu l\u2019id\u00e9e d\u2019une \u00ab reconversion vers d\u2019autres usages sportifs, comme les glisses urbaines. Dans un contexte o\u00f9 les ressources \u00e9nerg\u00e9tiques et financi\u00e8res sont de plus en plus contraintes, le temps est venu de discuter de l\u2019avenir du Blizz, en associant \u00e0 la r\u00e9flexion les habitants et l\u2019ensemble des usagers \u00bb. Une proposition reprise par l\u2019association Confluences, charg\u00e9e de porter la candidature des \u00e9cologistes pour les municipales de 2026.<\/p>\n<p><img decoding=\"async\" src=\"https:\/\/www.europesays.com\/fr\/wp-content\/uploads\/2025\/11\/690b6d5c93771dbc0a03b435.1.jpeg\" width=\"480\" height=\"300\" class=\"web_golden_m\" loading=\"lazy\" alt=\"La patinoire Le Blizz accueille 750 licenci\u00e9s de sports de glace.\"\/>La patinoire Le Blizz accueille 750 licenci\u00e9s de sports de glace. (Photo Le T\u00e9l\u00e9gramme\/Romain Leroux)<\/p>\n<p>Depuis, <a href=\"https:\/\/www.letelegramme.fr\/ille-et-vilaine\/rennes-35000\/apres-lalliance-entre-appere-et-les-ecologistes-pour-les-municipales-a-rennes-le-partage-des-places-agite-la-gauche-6918802.php\" target=\"_blank\" rel=\"noopener\">les \u00c9cologistes ont choisi de s\u2019allier d\u00e8s le premier tour avec les Socialistes et Nathalie App\u00e9r\u00e9<\/a>, dont la candidature \u00e0 un troisi\u00e8me mandat n\u2019est qu\u2019un secret de polichinelle. Quid alors de l\u2019avenir du Blizz ? Si les \u00e9cologistes ont eu gain de cause sur le d\u00e9gla\u00e7age de la patinoire rennaise lors des mois les plus chauds de l\u2019ann\u00e9e, S\u00e9bastien S\u00e9m\u00e9ril, adjoint socialiste \u00e0 la maire de Rennes en charge de la communication et de l\u2019\u00e9v\u00e9nementiel, s\u2019\u00e9tait montr\u00e9, lors de ce m\u00eame conseil, satisfait de son fonctionnement actuel. \u00ab Avec le d\u00e9gla\u00e7age l\u2019\u00e9t\u00e9, nous constatons une baisse de 37 % de la consommation \u00e9nerg\u00e9tique et de 71 % de l\u2019eau. Et nous avons d\u00e9pass\u00e9 les 7 000 entr\u00e9es payantes durant l\u2019\u00e9t\u00e9, soit autant qu\u2019avant \u00bb. Avant de louer \u00ab l\u2019utilit\u00e9 sociale de cet \u00e9quipement, notamment l\u2019hiver, pour des enfants qui veulent apprendre \u00e0 patiner et b\u00e9n\u00e9ficient \u00e0 travers ces clubs d\u2019un tr\u00e8s bon accompagnement \u00bb.<\/p>\n<p>\u00ab Aucun projet de fermeture n\u2019est envisag\u00e9 \u00bb<\/p>\n<p>De quoi rassurer Charles Compagnon ? \u00ab Non, \u00e7a ne me rassure pas car depuis huit ans, on se rend compte que lorsque les \u00c9cologistes ne veulent pas d\u2019un projet, il ne se fait pas. On l\u2019a vu avec le Tour de France et la grande salle de spectacle. Et le renouvellement cette ann\u00e9e de la D\u00e9l\u00e9gation de service public avec Cit\u00e9dia pour cet \u00e9quipement ne prot\u00e8ge rien. Ce que j\u2019attends, c\u2019est que Nathalie App\u00e9r\u00e9 apporte de la clart\u00e9 et dise que la fermeture de la patinoire ne sera pas dans son programme. \u00bb<\/p>\n<p>Dans un communiqu\u00e9 en r\u00e9action \u00e0 cette p\u00e9tition, la Ville de Rennes a pris la parole ce mercredi 5 novembre pour tenter de rassurer sur l\u2019avenir du Blizz. Apr\u00e8s avoir rappel\u00e9 que \u00ab les \u00e9lus du conseil municipal ont vot\u00e9 \u00e0 l\u2019unanimit\u00e9, au conseil municipal du 22 septembre 2025, le renouvellement de la concession de service public \u00e0 Cit\u00e9dia pour la gestion de la patinoire pour une dur\u00e9e de huit ans, soit jusqu\u2019au 31 d\u00e9cembre 2033 \u00bb, elle a affirm\u00e9 qu\u2019\u00ab aucun projet de fermeture \u00bb n\u2019est \u00ab envisag\u00e9 pour cet \u00e9quipement \u00bb.<\/p>\n","protected":false},"excerpt":{"rendered":"Il veut en faire l\u2019un des marqueurs de sa campagne pour les municipales 2026 \u00e0 Rennes. Il y&hellip;\n","protected":false},"author":2,"featured_media":513827,"comment_status":"","ping_status":"","sticky":false,"template":"","format":"standard","meta":{"footnotes":""},"categories":[2821],"tags":[1111,11,829,2761,1777,674,1011,27,848,26053,12,3364,584,25],"class_list":{"0":"post-513826","1":"post","2":"type-post","3":"status-publish","4":"format-standard","5":"has-post-thumbnail","7":"category-rennes","8":"tag-actu","9":"tag-actualites","10":"tag-bretagne","11":"tag-elections-municipales-2026","12":"tag-eu","13":"tag-europe","14":"tag-fr","15":"tag-france","16":"tag-ille-et-vilaine","17":"tag-municipales-2026-a-rennes","18":"tag-news","19":"tag-politique-a-rennes","20":"tag-rennes","21":"tag-republique-francaise"},"share_on_mastodon":{"url":"https:\/\/pubeurope.com\/@fr\/115497862370701013","error":""},"_links":{"self":[{"href":"https:\/\/www.europesays.com\/fr\/wp-json\/wp\/v2\/posts\/513826","targetHints":{"allow":["GET"]}}],"collection":[{"href":"https:\/\/www.europesays.com\/fr\/wp-json\/wp\/v2\/posts"}],"about":[{"href":"https:\/\/www.europesays.com\/fr\/wp-json\/wp\/v2\/types\/post"}],"author":[{"embeddable":true,"href":"https:\/\/www.europesays.com\/fr\/wp-json\/wp\/v2\/users\/2"}],"replies":[{"embeddable":true,"href":"https:\/\/www.europesays.com\/fr\/wp-json\/wp\/v2\/comments?post=513826"}],"version-history":[{"count":0,"href":"https:\/\/www.europesays.com\/fr\/wp-json\/wp\/v2\/posts\/513826\/revisions"}],"wp:featuredmedia":[{"embeddable":true,"href":"https:\/\/www.europesays.com\/fr\/wp-json\/wp\/v2\/media\/513827"}],"wp:attachment":[{"href":"https:\/\/www.europesays.com\/fr\/wp-json\/wp\/v2\/media?parent=513826"}],"wp:term":[{"taxonomy":"category","embeddable":true,"href":"https:\/\/www.europesays.com\/fr\/wp-json\/wp\/v2\/categories?post=513826"},{"taxonomy":"post_tag","embeddable":true,"href":"https:\/\/www.europesays.com\/fr\/wp-json\/wp\/v2\/tags?post=513826"}],"curies":[{"name":"wp","href":"https:\/\/api.w.org\/{rel}","templated":true}]}}