{"id":513830,"date":"2025-11-05T15:45:15","date_gmt":"2025-11-05T15:45:15","guid":{"rendered":"https:\/\/www.europesays.com\/fr\/513830\/"},"modified":"2025-11-05T15:45:15","modified_gmt":"2025-11-05T15:45:15","slug":"lieu-commun-midi-vivant-spectacle-a-strasbourg","status":"publish","type":"post","link":"https:\/\/www.europesays.com\/fr\/513830\/","title":{"rendered":"Lieu commun : \u00ab Midi vivant \u00bb : Spectacle a Strasbourg"},"content":{"rendered":"<p>\t\t\t\t\t\t\t\t\t<a href=\"https:\/\/www.dna.fr\/pour-sortir\/loisirs\/Spectacle-theatre-conte\/Autres-spectacles\/Alsace\/Bas-rhin\/Strasbourg\/2025\/12\/02\/javascript:history.back();\" rel=\"nofollow noopener\" class=\"backToSearch\" target=\"_blank\">Retour \u00e0 la recherche<\/a><\/p>\n<p class=\"media-desc\" itemprop=\"description\">&#13;<br \/>\n\t\t\t\t\tVanessa Mecke, artiste du Collectif Krumple invite les visiteurs \u00e0 d\u00e9couvrir une \u00e9tape de recherche de son projet solo, consacr\u00e9 \u00e0 la maternit\u00e9, \u00e0 la naissance et \u00e0 la (re)d\u00e9couverte de soi.&#13;<br \/>\n\t\t\t\t\t\t\t\t\t\t\t&#13;<br \/>\n\t\t\t\t\t\t\t\t\t\tInspir\u00e9e par des textes de Virginie Despentes, Anne Sexton, Valentin Auwercx, Miranda Joly et d\u2019autres voix contemporaines, cette performance m\u00eale danse, th\u00e9\u00e2tre physique, th\u00e9\u00e2tre d\u2019objet et lectures, dans une forme \u00e0 la fois po\u00e9tique et sinc\u00e8re. \u00c0 l\u2019issue de la pr\u00e9sentation, Vanessa proposera un petit atelier d\u2019\u00e9criture ouvert \u00e0 toutes et tous ; un moment d\u2019\u00e9change bienveillant pour partager ses propres r\u00e9cits, ses mots d\u2019amour et ses exp\u00e9riences sensibles. Les Midis Vivants sont des rendez-vous ouverts \u00e0 tous\u00b7tes, destin\u00e9s \u00e0 repenser le lien entre artistes, habitant\u00b7es, structures associatives, et institutions culturelles. Un format r\u00e9current construit sur le partage, l\u2019\u00e9coute, la curiosit\u00e9 et la convivialit\u00e9, autour d\u2019un fil conducteur imagin\u00e9 par Delphine Lanson, membre du Collectif Artistes du TJP : le rituel comme geste artistique, po\u00e9tique et collectif.&#13;\n\t\t\t\t  <\/p>\n","protected":false},"excerpt":{"rendered":"Retour \u00e0 la recherche &#13; Vanessa Mecke, artiste du Collectif Krumple invite les visiteurs \u00e0 d\u00e9couvrir une \u00e9tape&hellip;\n","protected":false},"author":2,"featured_media":513831,"comment_status":"","ping_status":"","sticky":false,"template":"","format":"standard","meta":{"footnotes":""},"categories":[2820],"tags":[1111,11,1777,674,1011,27,775,12,25,640],"class_list":{"0":"post-513830","1":"post","2":"type-post","3":"status-publish","4":"format-standard","5":"has-post-thumbnail","7":"category-strasbourg","8":"tag-actu","9":"tag-actualites","10":"tag-eu","11":"tag-europe","12":"tag-fr","13":"tag-france","14":"tag-grand-est","15":"tag-news","16":"tag-republique-francaise","17":"tag-strasbourg"},"share_on_mastodon":{"url":"https:\/\/pubeurope.com\/@fr\/115497869246525471","error":""},"_links":{"self":[{"href":"https:\/\/www.europesays.com\/fr\/wp-json\/wp\/v2\/posts\/513830","targetHints":{"allow":["GET"]}}],"collection":[{"href":"https:\/\/www.europesays.com\/fr\/wp-json\/wp\/v2\/posts"}],"about":[{"href":"https:\/\/www.europesays.com\/fr\/wp-json\/wp\/v2\/types\/post"}],"author":[{"embeddable":true,"href":"https:\/\/www.europesays.com\/fr\/wp-json\/wp\/v2\/users\/2"}],"replies":[{"embeddable":true,"href":"https:\/\/www.europesays.com\/fr\/wp-json\/wp\/v2\/comments?post=513830"}],"version-history":[{"count":0,"href":"https:\/\/www.europesays.com\/fr\/wp-json\/wp\/v2\/posts\/513830\/revisions"}],"wp:featuredmedia":[{"embeddable":true,"href":"https:\/\/www.europesays.com\/fr\/wp-json\/wp\/v2\/media\/513831"}],"wp:attachment":[{"href":"https:\/\/www.europesays.com\/fr\/wp-json\/wp\/v2\/media?parent=513830"}],"wp:term":[{"taxonomy":"category","embeddable":true,"href":"https:\/\/www.europesays.com\/fr\/wp-json\/wp\/v2\/categories?post=513830"},{"taxonomy":"post_tag","embeddable":true,"href":"https:\/\/www.europesays.com\/fr\/wp-json\/wp\/v2\/tags?post=513830"}],"curies":[{"name":"wp","href":"https:\/\/api.w.org\/{rel}","templated":true}]}}