{"id":513833,"date":"2025-11-05T15:47:11","date_gmt":"2025-11-05T15:47:11","guid":{"rendered":"https:\/\/www.europesays.com\/fr\/513833\/"},"modified":"2025-11-05T15:47:11","modified_gmt":"2025-11-05T15:47:11","slug":"cette-mere-de-famille-tuee-vivait-dans-la-terreur","status":"publish","type":"post","link":"https:\/\/www.europesays.com\/fr\/513833\/","title":{"rendered":"cette m\u00e8re de famille tu\u00e9e \u00ab\u00a0vivait dans la terreur\u00a0\u00bb"},"content":{"rendered":"<p>            Par<br \/>\n        <strong><br \/>\n            <a href=\"https:\/\/actu.fr\/auteur\/arthur-frand\" title=\"Consulter tous les articles de Arthur Frand\" rel=\"nofollow noopener\" target=\"_blank\">Arthur Frand<\/a><br \/>\n        <\/strong><\/p>\n<p>        Publi\u00e9 le<\/p>\n<p>            5 nov. 2025 \u00e0 16h08        <\/p>\n<p>Un nouveau drame qui aurait pu \u00eatre \u00e9vit\u00e9. Un f\u00e9minicide de plus. Le 136e de l\u2019ann\u00e9e a eu lieu \u00e0 <a href=\"https:\/\/actu.fr\/nice\/\" rel=\"nofollow noopener\" target=\"_blank\">Nice<\/a> dans les <a href=\"https:\/\/actu.fr\/provence-alpes-cote-d-azur\/alpes-maritimes_06\" rel=\"nofollow noopener\" target=\"_blank\">Alpes-Maritimes<\/a>, ce mardi 4\u00a0novembre 2025. Larissa, m\u00e8re de famille de 39\u00a0ans, <strong>a \u00e9t\u00e9 tu\u00e9e par son ex-conjoint<\/strong> dans le quartier des Moulins. Cette derni\u00e8re est d\u00e9c\u00e9d\u00e9e des suites de ses blessures apr\u00e8s avoir re\u00e7u plusieurs coups de couteau dans son appartement, en pr\u00e9sence de deux de ses filles. Une <a href=\"https:\/\/actu.fr\/provence-alpes-cote-d-azur\/nice_06088\/drame-a-nice-une-femme-tuee-par-son-ex-compagnon-sa-fille-entre-la-vie-et-la-mort_63392446.html\" rel=\"nofollow noopener\" target=\"_blank\">sc\u00e8ne atroce<\/a>. L\u2019une d\u2019entre elles, \u00e2g\u00e9e de 17\u00a0ans, a \u00e9t\u00e9 <strong>gri\u00e8vement bless\u00e9e<\/strong> et transport\u00e9e \u00e0 l\u2019h\u00f4pital entre la vie et la mort.<\/p>\n<p>    <a href=\"https:\/\/www.google.com\/maps\/embed?pb=!1m18!1m12!1m3!1d2885.6875861349113!2d7.202691427343987!3d43.675466871101015!2m3!1f0!2f0!3f0!3m2!1i1024!2i768!4f13.1!3m3!1m2!1s0x12cdd10bbf76de75%3A0xf582a3649c8cc853!2sLes%20Moulins%2C%2006200%20Nice!5e0!3m2!1sfr!2sfr!4v1762353143683!5m2!1sfr!2sfr\" title=\"Ouvrie le lien\" rel=\"nofollow noopener\" target=\"_blank\">Cliquez ici pour visualiser le contenu<\/a><\/p>\n<p class=\" wall-content\">Alors que <strong>l\u2019\u00e9motion est vive<\/strong> au sein de la communaut\u00e9 tch\u00e9tch\u00e8ne, dont \u00e9tait issue cette m\u00e8re de famille, le Collectif Droits des Femmes des Alpes-Maritimes exprime sa col\u00e8re et son indignation ce mercredi.<\/p>\n<p>\u00ab\u2009Encore une fois, la victime avait alert\u00e9\u2009\u00bb<\/p>\n<p class=\" wall-content\">\u00ab\u2009Encore une fois, le sch\u00e9ma mortif\u00e8re se r\u00e9p\u00e8te. Encore une fois, la victime avait alert\u00e9 et d\u00e9pos\u00e9 plainte <strong>\u00e0 de nombreuses reprises<\/strong>. Encore une fois, elle<strong> n\u2019a pas \u00e9t\u00e9 entendue<\/strong>. Encore une fois, l\u2019auteur est rest\u00e9 impuni. Encore une fois, la victime vivait dans la terreur. Encore une fois, une femme a \u00e9t\u00e9 assassin\u00e9e, parce qu\u2019elle n\u2019a pas \u00e9t\u00e9 prot\u00e9g\u00e9e\u2009\u00bb, regrette le Collectif Droits des femmes du 06, qui pointe une justice d\u00e9faillante.<\/p>\n<p class=\" wall-content\">En effet, l\u2019ex-compagnon de Larissa, interpell\u00e9 et plac\u00e9 en garde \u00e0 vue, \u00e9tait d\u00e9j\u00e0 connu de la justice comme r\u00e9v\u00e9l\u00e9 par le procureur de la R\u00e9publique de Nice, Damien Martinelli.<\/p>\n<p class=\" wall-content\">Le mis en cause <strong>avait \u00e9t\u00e9 poursuivi en d\u00e9cembre\u00a02023<\/strong> pour des faits de violences sur conjoint sans incapacit\u00e9 totale de travail. D\u00e9f\u00e9r\u00e9 et plac\u00e9 sous contr\u00f4le judiciaire, il avait \u00e9t\u00e9 <strong>relax\u00e9<\/strong> par jugement du 23\u00a0mai 2024.<\/p>\n<p>    <a href=\"https:\/\/www.facebook.com\/plugins\/post.php?href=https%3A%2F%2Fwww.facebook.com%2Fcollectifdroitdesfemmes06%2Fposts%2Fpfbid02LxjuakbyqKbFyjLsz5N9FUW5mwq6F1m8HnvpTWiDJFDsVLbL3oAFurr4kNAmGeuTl&amp;show_text=true&amp;width=350\" title=\"Ouvrie le lien\" rel=\"nofollow noopener\" target=\"_blank\">Cliquez ici pour visualiser le contenu<\/a><\/p>\n<p>Votre r\u00e9gion, votre actu !<\/p>\n<p>Recevez chaque jour les infos qui comptent pour vous.<\/p>\n<p>\t<a href=\"https:\/\/actu.fr\/newsletter\" class=\"ac-btn ac-btn--corner ac-btn--medium ac-btn--blue800\" rel=\"nofollow noopener\" target=\"_blank\">S&rsquo;incrire<\/a><\/p>\n<p class=\" wall-content\">\u00ab\u2009En France, au moins 373\u2009000 femmes subissent au quotidien les violences physiques, sexuelles, psychologiques ou verbales de leur conjoint ou ex-conjoint\u2009\u00bb, rappelle le Collectif Droits des Femmes du 06.<\/p>\n<p class=\" wall-content\">Pour ce dernier, <strong>aucune mesure efficace<\/strong> n\u2019est prise dans les Alpes-Maritimes et dans l\u2019Hexagone, alors que drames se r\u00e9p\u00e8tent.<\/p>\n<p>\u00ab\u2009Pr\u00e9vention et prise en charge insuffisantes\u2009\u00bb<\/p>\n<p class=\" wall-content\">\u00ab\u2009Nous pensons \u00e0 toutes les femmes qui, comme Larissa, subissent les coups, les insultes, les abus et vivent dans une peur constante. Notre d\u00e9partement est particuli\u00e8rement touch\u00e9. Les r\u00e9ponses apport\u00e9es et les moyens mis en \u0153uvre ne<strong> sont manifestement pas \u00e0 la hauteur<\/strong> de ce fl\u00e9au. Cinq femmes sur six ne portent pas plainte. 80\u2009% des plaintes sont class\u00e9es sans suite faute d\u2019investigations. La pr\u00e9vention, la prise en charge et la protection des victimes sont tr\u00e8s insuffisantes\u2009\u00bb, souligne les r\u00e9dactrices dans leur communiqu\u00e9.<\/p>\n<p class=\" wall-content\">Pour endiguer ce \u00ab\u2009fl\u00e9au\u2009\u00bb et r\u00e9duire le nombre de f\u00e9minicides, le Collectif Droits des Femmes 06 r\u00e9clame \u00ab\u2009une <strong>loi-cadre int\u00e9grale contre les violences<\/strong>, sur le mod\u00e8le espagnol\u2009\u00bb et \u00ab\u2009trois milliards d\u2019euros pour mettre en \u0153uvre ce qui devait \u00eatre la \u00ab\u2009grande cause du quinquennat.\u2009\u00bb<\/p>\n<p class=\" wall-content\">Il s\u2019agit du\u00a0troisi\u00e8me f\u00e9minicide\u00a0dans le d\u00e9partement des Alpes-Maritimes depuis le d\u00e9but de l\u2019ann\u00e9e 2025. L\u2019un s\u2019est pass\u00e9 \u00e0 Juan-les-Pins, un autre \u00e0 Grasse et le troisi\u00e8me, \u00e0 Nice.<\/p>\n<p class=\" wall-content\">Le collectif Droits des Femmes 06 annonce qu\u2019il marchera contre ces violences samedi 22\u00a0novembre 2025, comme chaque ann\u00e9e.<\/p>\n<p class=\" wall-content\">Personnalisez votre actualit\u00e9 en ajoutant vos villes et m\u00e9dias en favori avec <a href=\"https:\/\/moncompte.actu.fr\" title=\"D\u00e9couvez Mon Actu\" rel=\"nofollow noopener\" data-trk=\"{&quot;cta&quot;:{&quot;action&quot;:&quot;https:\\\/\\\/moncompte.actu.fr&quot;,&quot;category&quot;:&quot;mon compte&quot;,&quot;from&quot;:&quot;article footer&quot;,&quot;name&quot;:&quot;Mon actu&quot;,&quot;type&quot;:&quot;cta&quot;}}\" target=\"_blank\">Mon Actu<\/a>.<\/p>\n","protected":false},"excerpt":{"rendered":"Par Arthur Frand Publi\u00e9 le 5 nov. 2025 \u00e0 16h08 Un nouveau drame qui aurait pu \u00eatre \u00e9vit\u00e9.&hellip;\n","protected":false},"author":2,"featured_media":513834,"comment_status":"","ping_status":"","sticky":false,"template":"","format":"standard","meta":{"footnotes":""},"categories":[2819],"tags":[1111,11,1777,674,3555,1011,27,303,12,2401,1072,882,25,104],"class_list":{"0":"post-513833","1":"post","2":"type-post","3":"status-publish","4":"format-standard","5":"has-post-thumbnail","7":"category-nice","8":"tag-actu","9":"tag-actualites","10":"tag-eu","11":"tag-europe","12":"tag-feminicide","13":"tag-fr","14":"tag-france","15":"tag-justice","16":"tag-news","17":"tag-nice","18":"tag-police","19":"tag-provence-alpes-cote-dazur","20":"tag-republique-francaise","21":"tag-societe"},"share_on_mastodon":{"url":"https:\/\/pubeurope.com\/@fr\/115497877248587734","error":""},"_links":{"self":[{"href":"https:\/\/www.europesays.com\/fr\/wp-json\/wp\/v2\/posts\/513833","targetHints":{"allow":["GET"]}}],"collection":[{"href":"https:\/\/www.europesays.com\/fr\/wp-json\/wp\/v2\/posts"}],"about":[{"href":"https:\/\/www.europesays.com\/fr\/wp-json\/wp\/v2\/types\/post"}],"author":[{"embeddable":true,"href":"https:\/\/www.europesays.com\/fr\/wp-json\/wp\/v2\/users\/2"}],"replies":[{"embeddable":true,"href":"https:\/\/www.europesays.com\/fr\/wp-json\/wp\/v2\/comments?post=513833"}],"version-history":[{"count":0,"href":"https:\/\/www.europesays.com\/fr\/wp-json\/wp\/v2\/posts\/513833\/revisions"}],"wp:featuredmedia":[{"embeddable":true,"href":"https:\/\/www.europesays.com\/fr\/wp-json\/wp\/v2\/media\/513834"}],"wp:attachment":[{"href":"https:\/\/www.europesays.com\/fr\/wp-json\/wp\/v2\/media?parent=513833"}],"wp:term":[{"taxonomy":"category","embeddable":true,"href":"https:\/\/www.europesays.com\/fr\/wp-json\/wp\/v2\/categories?post=513833"},{"taxonomy":"post_tag","embeddable":true,"href":"https:\/\/www.europesays.com\/fr\/wp-json\/wp\/v2\/tags?post=513833"}],"curies":[{"name":"wp","href":"https:\/\/api.w.org\/{rel}","templated":true}]}}