{"id":513845,"date":"2025-11-05T15:53:13","date_gmt":"2025-11-05T15:53:13","guid":{"rendered":"https:\/\/www.europesays.com\/fr\/513845\/"},"modified":"2025-11-05T15:53:13","modified_gmt":"2025-11-05T15:53:13","slug":"le-rappeur-damso-sera-en-concert-au-zenith-de-toulouse","status":"publish","type":"post","link":"https:\/\/www.europesays.com\/fr\/513845\/","title":{"rendered":"le rappeur Damso sera en concert au Z\u00e9nith de Toulouse"},"content":{"rendered":"<p>            Par<br \/>\n        <strong><br \/>\n            <a href=\"https:\/\/actu.fr\/auteur\/marie-lamarque\" title=\"Consulter tous les articles de Marie Lamarque\" target=\"_blank\" rel=\"noopener\">Marie Lamarque<\/a><br \/>\n        <\/strong><\/p>\n<p>        Publi\u00e9 le<\/p>\n<p>            5 nov. 2025 \u00e0 16h26        <\/p>\n<p><a href=\"https:\/\/actu.fr\/tag\/zenith-de-toulouse\" target=\"_blank\" rel=\"noopener\">Le Z\u00e9nith de Toulouse<\/a> fait le plein de concerts pour 2026. \u00c0 l\u2019affiche, de grands noms qui ne vont pas passer inaper\u00e7u, notamment <strong>Damso<\/strong>, le rappeur que l\u2019on ne pr\u00e9sente plus. Nul doute que les fans vont \u00eatre dans les starting-blocks pour prendre leur place. <strong>La nouvelle tourn\u00e9e Star Academy<\/strong> fera aussi son arr\u00eat dans la Ville rose, tout comme<strong> le mythique groupe de reggae Dub inc<\/strong>. Voici toutes les infos.<\/p>\n<p>Damso en tourn\u00e9e<\/p>\n<p class=\" wall-content\">Elle est tr\u00e8s attendue par les fans. Damso a annonc\u00e9, ce mardi 4 novembre, le lancement du<strong>\u00a0B\u0112Y\u0100H TOUR<\/strong>, sa nouvelle tourn\u00e9e qui s\u2019arr\u00eatera \u00e0 Toulouse. Elle promet \u00ab\u00a0une exp\u00e9rience sc\u00e9nique rare, intense et immersive\u00a0\u00bb autour des titres du dernier album de l\u2019artiste, qui reprendra aussi ses classiques.<\/p>\n<p class=\" wall-content\"><a href=\"https:\/\/www.instagram.com\/p\/DQpH_pmjF9V\/embed\" title=\"Ouvrir le lien sur Instagram\" target=\"_blank\" rel=\"noopener\">Visualiser le contenu sur Instagram<\/a><\/p>\n<p class=\" wall-content\">Tandis que l\u2019ouverture des pr\u00e9ventes est imminente, le Z\u00e9nith a annonc\u00e9, ce mercredi 5 novembre, la date de son passage dans la Ville rose. Le public a rendez-vous<strong> les 8 et 9 avril 2026<\/strong>. <strong>L\u2019ouverture de la billetterie se fera ce vendredi 7 novembre, \u00e0 12h<\/strong>.<\/p>\n<p>La nouvelle promo de la Star Ac\u2019 \u00e0 Toulouse<\/p>\n<p class=\" wall-content\">D\u2019autres grandes dates ont \u00e9t\u00e9 annonc\u00e9es au Z\u00e9nith, notamment<strong> la nouvelle tourn\u00e9e de la Star Academy<\/strong>. Rappelons-le, la promotion 2025-2026 compte dans ses rangs <a href=\"https:\/\/actu.fr\/occitanie\/toulouse_31555\/star-academy-ema-candidate-de-toulouse-integre-l-emission-revivez-ses-premieres-prestations_63336352.html\" target=\"_blank\" rel=\"noopener\">une enfant du pays, Ema<\/a>, fi\u00e8re de ses racines toulousaines. Toujours dans la comp\u00e9tition, elle a encore toutes ses chances pour d\u00e9crocher son ticket.\u00a0<\/p>\n<p>Vid\u00e9os : en ce moment sur Actu<\/p>\n<p class=\" wall-content\">Les \u00e9l\u00e8ves seront sur sc\u00e8ne<strong> le 22 mai prochain<\/strong>. La billetterie est ouverte, avec des tarifs compris <strong>entre 150 et 53 euros<\/strong>.<\/p>\n<p>Votre r\u00e9gion, votre actu !<\/p>\n<p>Recevez chaque jour les infos qui comptent pour vous.<\/p>\n<p>\t<a href=\"https:\/\/actu.fr\/newsletter\" class=\"ac-btn ac-btn--corner ac-btn--medium ac-btn--blue800\" target=\"_blank\" rel=\"noopener\">S&rsquo;incrire<\/a><br \/>\nCes autres grands rendez-vous de 2026<\/p>\n<p class=\" wall-content\">Un groupe de reggae que l\u2019on ne pr\u00e9sente plus. <strong>Dub inc sera \u00e0 Toulouse le 21 novembre 2026<\/strong> et pr\u00e9sentera son dernier album Atlas. La billetterie est ouverte.<\/p>\n<p class=\" wall-content\">La saison 2026 du Z\u00e9nith se compl\u00e8te avec d\u2019autres grands rendez-vous. Si certains affichent d\u00e9j\u00e0 complet, voici les concerts o\u00f9 il est encore possible de r\u00e9server sa place : <strong>Clara Luciani, le 22 janvier<\/strong> ; <strong>Lara Fabian, le 22 mars<\/strong> ; <strong>Vanessa Paradis, le 9 mai<\/strong> ; <strong>le rappeur PLK attendu le 13 novembre 2026<\/strong> ; ou encore<strong> Claudio Capeo le 4 d\u00e9cembre<\/strong>.<\/p>\n<p><strong>Infos pratiques<\/strong><br \/>\nPlus d\u2019informations <a href=\"https:\/\/zenith-toulousemetropole.com\/program\" target=\"_blank\" rel=\"noopener\">sur le site du Z\u00e9nith de Toulouse<\/a>.<\/p>\n<p class=\" wall-content\">Personnalisez votre actualit\u00e9 en ajoutant vos villes et m\u00e9dias en favori avec <a href=\"https:\/\/moncompte.actu.fr\" title=\"D\u00e9couvez Mon Actu\" rel=\"nofollow noopener\" data-trk=\"{&quot;cta&quot;:{&quot;action&quot;:&quot;https:\\\/\\\/moncompte.actu.fr&quot;,&quot;category&quot;:&quot;mon compte&quot;,&quot;from&quot;:&quot;article footer&quot;,&quot;name&quot;:&quot;Mon actu&quot;,&quot;type&quot;:&quot;cta&quot;}}\" target=\"_blank\">Mon Actu<\/a>.<\/p>\n<p>                    <script async src=\"\/\/www.instagram.com\/embed.js\"><\/script><\/p>\n","protected":false},"excerpt":{"rendered":"Par Marie Lamarque Publi\u00e9 le 5 nov. 2025 \u00e0 16h26 Le Z\u00e9nith de Toulouse fait le plein de&hellip;\n","protected":false},"author":2,"featured_media":513846,"comment_status":"","ping_status":"","sticky":false,"template":"","format":"standard","meta":{"footnotes":""},"categories":[2816],"tags":[1111,11,1697,23412,1777,674,1011,27,1652,12,2680,25,2312,9738],"class_list":{"0":"post-513845","1":"post","2":"type-post","3":"status-publish","4":"format-standard","5":"has-post-thumbnail","7":"category-toulouse","8":"tag-actu","9":"tag-actualites","10":"tag-concert","11":"tag-damso","12":"tag-eu","13":"tag-europe","14":"tag-fr","15":"tag-france","16":"tag-loisirs-culture","17":"tag-news","18":"tag-occitanie","19":"tag-republique-francaise","20":"tag-toulouse","21":"tag-zenith-de-toulouse"},"share_on_mastodon":{"url":"https:\/\/pubeurope.com\/@fr\/115497900772018554","error":""},"_links":{"self":[{"href":"https:\/\/www.europesays.com\/fr\/wp-json\/wp\/v2\/posts\/513845","targetHints":{"allow":["GET"]}}],"collection":[{"href":"https:\/\/www.europesays.com\/fr\/wp-json\/wp\/v2\/posts"}],"about":[{"href":"https:\/\/www.europesays.com\/fr\/wp-json\/wp\/v2\/types\/post"}],"author":[{"embeddable":true,"href":"https:\/\/www.europesays.com\/fr\/wp-json\/wp\/v2\/users\/2"}],"replies":[{"embeddable":true,"href":"https:\/\/www.europesays.com\/fr\/wp-json\/wp\/v2\/comments?post=513845"}],"version-history":[{"count":0,"href":"https:\/\/www.europesays.com\/fr\/wp-json\/wp\/v2\/posts\/513845\/revisions"}],"wp:featuredmedia":[{"embeddable":true,"href":"https:\/\/www.europesays.com\/fr\/wp-json\/wp\/v2\/media\/513846"}],"wp:attachment":[{"href":"https:\/\/www.europesays.com\/fr\/wp-json\/wp\/v2\/media?parent=513845"}],"wp:term":[{"taxonomy":"category","embeddable":true,"href":"https:\/\/www.europesays.com\/fr\/wp-json\/wp\/v2\/categories?post=513845"},{"taxonomy":"post_tag","embeddable":true,"href":"https:\/\/www.europesays.com\/fr\/wp-json\/wp\/v2\/tags?post=513845"}],"curies":[{"name":"wp","href":"https:\/\/api.w.org\/{rel}","templated":true}]}}