{"id":513852,"date":"2025-11-05T15:57:17","date_gmt":"2025-11-05T15:57:17","guid":{"rendered":"https:\/\/www.europesays.com\/fr\/513852\/"},"modified":"2025-11-05T15:57:17","modified_gmt":"2025-11-05T15:57:17","slug":"marseille-lhommage-aux-victimes-du-drame-de-la-rue-daubagne-vire-a-laffrontement","status":"publish","type":"post","link":"https:\/\/www.europesays.com\/fr\/513852\/","title":{"rendered":"Marseille. L&rsquo;hommage aux victimes du drame de la rue d&rsquo;Aubagne vire \u00e0 l&rsquo;affrontement"},"content":{"rendered":"<p>            Par<br \/>\n        <strong><br \/>\n            <a href=\"https:\/\/actu.fr\/auteur\/thibault-nadal-actu-fr\" title=\"Consulter tous les articles de Thibault Nadal\" target=\"_blank\" rel=\"noopener\">Thibault Nadal<\/a><br \/>\n        <\/strong><\/p>\n<p>        Publi\u00e9 le<\/p>\n<p>            5 nov. 2025 \u00e0 16h37        <\/p>\n<p>C\u2019est un jour de recueillement et de deuil pour la ville de <a href=\"https:\/\/actu.fr\/marseille\/\" target=\"_blank\" rel=\"noopener\">Marseille<\/a>. Il y a sept ans, jour pour jour, le 5\u00a0novembre 2018, <strong>huit personnes perdaient la vie<\/strong> <a href=\"https:\/\/actu.fr\/provence-alpes-cote-d-azur\/marseille_13055\/proces-des-effondrements-de-la-rue-d-aubagne-a-marseille-voici-toutes-les-peines-prononcees_62849682.html\" target=\"_blank\" rel=\"noopener\">rue d\u2019Aubagne<\/a>, dans le 1er arrondissement, \u00e0 la suite de l\u2019effondrement de deux immeubles.<\/p>\n<p class=\" wall-content\">Ce mercredi, une c\u00e9r\u00e9monie d\u2019hommages \u00e9tait organis\u00e9e sur les lieux du drame, en pr\u00e9sence de nombreux \u00e9lus, dont la maire d\u2019arrondissement (DVG) Sophie Camard et de <a href=\"https:\/\/actu.fr\/tag\/benoit-payan\" target=\"_blank\" rel=\"noopener\">Beno\u00eet Payan<\/a>.<\/p>\n<p class=\" wall-content\">Mais une phrase du maire de Marseille a suscit\u00e9 l\u2019indignation de la droite qui a vivement r\u00e9agi.<\/p>\n<p>\u00ab\u2009Il est temps que ceux qui \u00e9taient en responsabilit\u00e9 en 2018 s\u2019excusent\u2009\u00bb<\/p>\n<p class=\" wall-content\">Interrog\u00e9 par <a href=\"https:\/\/www.laprovence.com\/article\/region\/35336420851661\/drame-de-la-rue-daubagne-benoit-payan-il-est-temps-que-ceux-qui-etaient-en-responsabilite-sexcusent\" target=\"_blank\" rel=\"noopener\">La Provence<\/a>, l\u2019\u00e9dile a rappel\u00e9 qu\u2019il avait re\u00e7u ce mardi les familles des victimes. \u00c0 cette occasion, il a tenu \u00e0 leur d\u00e9livrer ce message\u2009:<\/p>\n<p class=\" wall-content\">\u00ab\u2009Je me suis excus\u00e9 aupr\u00e8s des familles des victimes au nom de la Ville parce qu\u2019aujourd\u2019hui, je la dirige et qu\u2019elle a <strong>une responsabilit\u00e9 dans ce drame<\/strong>. Mais maintenant que le proc\u00e8s est pass\u00e9, il est temps que ceux qui \u00e9taient en responsabilit\u00e9 en 2018 les regardent droit dans les yeux et leur demandent pardon\u2009\u00bb.<\/p>\n<p class=\" wall-content\">Beno\u00eet Payan a \u00e9galement incit\u00e9 que des \u00e9lus \u00ab\u2009se l\u00e8vent et aient le courage de demander pardon. C\u2019est le minimum d\u2019humanit\u00e9 qu\u2019on leur doit\u2009\u00bb.<\/p>\n<p>\u00ab\u00a0Vous \u00eates indignes\u00a0\u00bb<\/p>\n<p class=\" wall-content\">\u00c0 droite, cette phrase est \u00e9videmment mal pass\u00e9e, puisqu\u2019elle \u00e9tait au pouvoir au moment du drame. \u00ab\u2009<strong>M. Payan, vous \u00eates incoh\u00e9rent et en fait indigne de votre fonction<\/strong>. Cette journ\u00e9e appelle \u00e0 de la dignit\u00e9, du recueillement et de la concorde. Vous pr\u00e9f\u00e9rez fracturer, pol\u00e9miquer au risque de vous ridiculiser. Les r\u00e9publicains et d\u00e9mocrates de Marseille s\u2019en souviendront\u2009\u00bb, a r\u00e9agi Romain Simmarano, le porte-parole de la campagne de Martine Vassal.<\/p>\n<p>Votre r\u00e9gion, votre actu !<\/p>\n<p>Recevez chaque jour les infos qui comptent pour vous.<\/p>\n<p>\t<a href=\"https:\/\/actu.fr\/newsletter\" class=\"ac-btn ac-btn--corner ac-btn--medium ac-btn--blue800\" target=\"_blank\" rel=\"noopener\">S&rsquo;incrire<\/a><\/p>\n<p class=\" wall-content\">\n<p class=\" wall-content\">Le tout accompagn\u00e9 d\u2019une photo du maire de Marseille lors de <strong>l\u2019inauguration du parc Jean-Claude Gaudin<\/strong> d\u00e9but octobre\u00a02025. <a href=\"https:\/\/actu.fr\/provence-alpes-cote-d-azur\/marseille_13055\/marseille-la-colere-de-martine-vassal-apres-l-inauguration-du-parc-jean-claude-gaudin-benoit-payan-vise_63275234.html\" target=\"_blank\" rel=\"noopener\">Un \u00e9v\u00e9nement qui avait d\u00e9j\u00e0 le th\u00e9\u00e2tre de joutes verbales<\/a> entre la candidate \u00e0 la mairie et celui qui devrait, selon toute vraisemblance, briguer un second mandat.<\/p>\n<p>Une \u00ab\u00a0erreur\u00a0\u00bb dans un tweet avait d\u00e9j\u00e0 \u00e9chauff\u00e9 les esprits<\/p>\n<p class=\" wall-content\">Avant ce premier \u00e9change muscl\u00e9, un autre message sur <a href=\"https:\/\/actu.fr\/tag\/reseaux-sociaux\" target=\"_blank\" rel=\"noopener\">les r\u00e9seaux sociaux<\/a> avait mis le feu aux poudres. Le porte-parole de Renaissance \u00e0 Marseille, Maxime Boudet, avait post\u00e9 un message d\u2019hommage<strong> accompagn\u00e9 d\u2019une photo de la rue de Tivoli<\/strong> et non de la rue d\u2019Aubagne.<\/p>\n<p class=\" wall-content\">M\u00eame s\u2019il a \u00e9t\u00e9 rapidement supprim\u00e9, le post a \u00e9t\u00e9 relay\u00e9 par Marie Batoux, adjointe \u00e0 l\u2019Education populaire et aux Mobilit\u00e9s. \u00ab\u2009Quand on se trompe de comm\u00e9moration, de rue, d\u2019histoire\u2026 Le drame de la rue d\u2019Aubagne n\u2019est pas le drame de la rue Tivoli. La m\u00e9moire de toutes les victimes doit \u00eatre honor\u00e9e. <strong>Cette tentative de r\u00e9cup\u00e9ration est particuli\u00e8rement indigne<\/strong>\u2009\u00bb, \u00e9crit-elle avec la capture du message.<\/p>\n<p class=\" wall-content\">\n<p class=\" wall-content\">Contact\u00e9 par actu Marseille, Maxime Boudet <strong>plaide \u00ab\u2009l\u2019erreur\u2009\u00bb<\/strong>. \u00ab\u2009J\u2019ai eu honte toute la journ\u00e9e\u2009\u00bb, assure-t-il, tout en soulignant qu\u2019il souhaite pr\u00e9senter ses excuses aux victimes des deux drames.<\/p>\n<p class=\" wall-content\">Il regrette \u00ab\u2009la r\u00e9cup\u00e9ration\u2009\u00bb effectu\u00e9e par Marie Batoux. \u00ab\u2009<strong>Je trouve \u00e7a d\u00e9gueulasse<\/strong>, elle aurait pu attendre demain et \u00e9viter de faire \u00e7a un jour de deuil.\u2009\u00bb<\/p>\n<p class=\" wall-content\">Personnalisez votre actualit\u00e9 en ajoutant vos villes et m\u00e9dias en favori avec <a href=\"https:\/\/moncompte.actu.fr\" title=\"D\u00e9couvez Mon Actu\" rel=\"nofollow noopener\" data-trk=\"{&quot;cta&quot;:{&quot;action&quot;:&quot;https:\\\/\\\/moncompte.actu.fr&quot;,&quot;category&quot;:&quot;mon compte&quot;,&quot;from&quot;:&quot;article footer&quot;,&quot;name&quot;:&quot;Mon actu&quot;,&quot;type&quot;:&quot;cta&quot;}}\" target=\"_blank\">Mon Actu<\/a>.<\/p>\n","protected":false},"excerpt":{"rendered":"Par Thibault Nadal Publi\u00e9 le 5 nov. 2025 \u00e0 16h37 C\u2019est un jour de recueillement et de deuil&hellip;\n","protected":false},"author":2,"featured_media":502312,"comment_status":"","ping_status":"","sticky":false,"template":"","format":"standard","meta":{"footnotes":""},"categories":[2814],"tags":[1111,11,6469,1777,674,1011,27,884,3434,12,316,882,25],"class_list":{"0":"post-513852","1":"post","2":"type-post","3":"status-publish","4":"format-standard","5":"has-post-thumbnail","7":"category-marseille","8":"tag-actu","9":"tag-actualites","10":"tag-benoit-payan","11":"tag-eu","12":"tag-europe","13":"tag-fr","14":"tag-france","15":"tag-marseille","16":"tag-municipales-2026","17":"tag-news","18":"tag-politique","19":"tag-provence-alpes-cote-dazur","20":"tag-republique-francaise"},"share_on_mastodon":{"url":"https:\/\/pubeurope.com\/@fr\/115497916652907460","error":""},"_links":{"self":[{"href":"https:\/\/www.europesays.com\/fr\/wp-json\/wp\/v2\/posts\/513852","targetHints":{"allow":["GET"]}}],"collection":[{"href":"https:\/\/www.europesays.com\/fr\/wp-json\/wp\/v2\/posts"}],"about":[{"href":"https:\/\/www.europesays.com\/fr\/wp-json\/wp\/v2\/types\/post"}],"author":[{"embeddable":true,"href":"https:\/\/www.europesays.com\/fr\/wp-json\/wp\/v2\/users\/2"}],"replies":[{"embeddable":true,"href":"https:\/\/www.europesays.com\/fr\/wp-json\/wp\/v2\/comments?post=513852"}],"version-history":[{"count":0,"href":"https:\/\/www.europesays.com\/fr\/wp-json\/wp\/v2\/posts\/513852\/revisions"}],"wp:featuredmedia":[{"embeddable":true,"href":"https:\/\/www.europesays.com\/fr\/wp-json\/wp\/v2\/media\/502312"}],"wp:attachment":[{"href":"https:\/\/www.europesays.com\/fr\/wp-json\/wp\/v2\/media?parent=513852"}],"wp:term":[{"taxonomy":"category","embeddable":true,"href":"https:\/\/www.europesays.com\/fr\/wp-json\/wp\/v2\/categories?post=513852"},{"taxonomy":"post_tag","embeddable":true,"href":"https:\/\/www.europesays.com\/fr\/wp-json\/wp\/v2\/tags?post=513852"}],"curies":[{"name":"wp","href":"https:\/\/api.w.org\/{rel}","templated":true}]}}