{"id":513853,"date":"2025-11-05T15:58:13","date_gmt":"2025-11-05T15:58:13","guid":{"rendered":"https:\/\/www.europesays.com\/fr\/513853\/"},"modified":"2025-11-05T15:58:13","modified_gmt":"2025-11-05T15:58:13","slug":"lyon-un-conseil-darrondissement-express-de-17-minutes-et-4-secondes-les-elus-ecologistes-absents-pierre-oliver-sindigne-dans-une-video","status":"publish","type":"post","link":"https:\/\/www.europesays.com\/fr\/513853\/","title":{"rendered":"Lyon Un conseil d\u2019arrondissement \u00ab express de 17 minutes et 4 secondes \u00bb, les \u00e9lus \u00e9cologistes absents, Pierre Oliver s\u2019indigne dans une vid\u00e9o"},"content":{"rendered":"<p>\u00ab Les \u00e9lus \u00e9cologistes ne viennent m\u00eame plus aux assembl\u00e9es d\u00e9lib\u00e9ratives \u00bb. Trench beige, chemise blanche, <a href=\"https:\/\/www.leprogres.fr\/p\/pierre-oliver\" target=\"_blank\" rel=\"nofollow noopener\">Pierre Oliver<\/a> (LR) prend un air grave. Film\u00e9 devant la mairie dont il est \u00e0 la t\u00eate, dans le 2e  arrondissement, il \u00e9voque le conseil d\u2019arrondissement qui s\u2019est d\u00e9roul\u00e9 le 4 novembre \u00e0 midi. O\u00f9 \u00ab aucun \u00e9lu de la majorit\u00e9 de <a href=\"https:\/\/www.leprogres.fr\/p\/gregory-doucet\" target=\"_blank\" rel=\"nofollow noopener\">Gr\u00e9gory Doucet<\/a> n\u2019a souhait\u00e9 participer au d\u00e9bat alors m\u00eame que nous votions plusieurs d\u00e9lib\u00e9rations \u00e0 l\u2019attention des habitants du 2 e \u00bb, poursuit-il.<\/p>\n<p>Parmi ces derni\u00e8res, que Le Progr\u00e8s  a pu consulter : la mise \u00e0 disposition du th\u00e9\u00e2tre des C\u00e9lestins, \u00e0 titre gratuit,&#8230;<\/p>\n","protected":false},"excerpt":{"rendered":"\u00ab Les \u00e9lus \u00e9cologistes ne viennent m\u00eame plus aux assembl\u00e9es d\u00e9lib\u00e9ratives \u00bb. Trench beige, chemise blanche, Pierre Oliver&hellip;\n","protected":false},"author":2,"featured_media":513854,"comment_status":"","ping_status":"","sticky":false,"template":"","format":"standard","meta":{"footnotes":""},"categories":[1889],"tags":[1111,11,2430,2757,4188,1777,674,1011,27,2428,2756,12,316,25,2429],"class_list":{"0":"post-513853","1":"post","2":"type-post","3":"status-publish","4":"format-standard","5":"has-post-thumbnail","7":"category-lyon","8":"tag-actu","9":"tag-actualites","10":"tag-auvergne-rhone-alpes","11":"tag-edition-lyon-villeurbanne","12":"tag-elections-municipales","13":"tag-eu","14":"tag-europe","15":"tag-fr","16":"tag-france","17":"tag-lyon","18":"tag-lyon-bassin","19":"tag-news","20":"tag-politique","21":"tag-republique-francaise","22":"tag-rhone"},"share_on_mastodon":{"url":"https:\/\/pubeurope.com\/@fr\/115497920482422822","error":""},"_links":{"self":[{"href":"https:\/\/www.europesays.com\/fr\/wp-json\/wp\/v2\/posts\/513853","targetHints":{"allow":["GET"]}}],"collection":[{"href":"https:\/\/www.europesays.com\/fr\/wp-json\/wp\/v2\/posts"}],"about":[{"href":"https:\/\/www.europesays.com\/fr\/wp-json\/wp\/v2\/types\/post"}],"author":[{"embeddable":true,"href":"https:\/\/www.europesays.com\/fr\/wp-json\/wp\/v2\/users\/2"}],"replies":[{"embeddable":true,"href":"https:\/\/www.europesays.com\/fr\/wp-json\/wp\/v2\/comments?post=513853"}],"version-history":[{"count":0,"href":"https:\/\/www.europesays.com\/fr\/wp-json\/wp\/v2\/posts\/513853\/revisions"}],"wp:featuredmedia":[{"embeddable":true,"href":"https:\/\/www.europesays.com\/fr\/wp-json\/wp\/v2\/media\/513854"}],"wp:attachment":[{"href":"https:\/\/www.europesays.com\/fr\/wp-json\/wp\/v2\/media?parent=513853"}],"wp:term":[{"taxonomy":"category","embeddable":true,"href":"https:\/\/www.europesays.com\/fr\/wp-json\/wp\/v2\/categories?post=513853"},{"taxonomy":"post_tag","embeddable":true,"href":"https:\/\/www.europesays.com\/fr\/wp-json\/wp\/v2\/tags?post=513853"}],"curies":[{"name":"wp","href":"https:\/\/api.w.org\/{rel}","templated":true}]}}