{"id":51386,"date":"2025-04-25T09:16:13","date_gmt":"2025-04-25T09:16:13","guid":{"rendered":"https:\/\/www.europesays.com\/fr\/51386\/"},"modified":"2025-04-25T09:16:13","modified_gmt":"2025-04-25T09:16:13","slug":"entre-film-et-demonstration-une-journee-dediee-au-skateboard-a-nantes-sport","status":"publish","type":"post","link":"https:\/\/www.europesays.com\/fr\/51386\/","title":{"rendered":"Entre film et d\u00e9monstration, une journ\u00e9e d\u00e9di\u00e9e au skateboard \u00e0 Nantes . Sport"},"content":{"rendered":"<p>Ce vendredi 25\u00a0avril, la diffusion du film Ollie, sign\u00e9 Antoine Besse, une ode \u00e0 la pratique du skateboard en milieu rural, in\u00e9dite au cin\u00e9ma fran\u00e7ais, aura lieu au cin\u00e9ma Path\u00e9, \u00e0 Nantes. Le rendez-vous est donn\u00e9 aux aficionados de la glisse et aux autres, qui pourraient s\u2019y convertir, pour cette avant-premi\u00e8re nantaise, la sortie nationale \u00e9tant officiellement pr\u00e9vue le 21\u00a0mai.<\/p>\n<p>Cette com\u00e9die dramatique, d\u2019une dur\u00e9e d\u20191\u00a0h\u00a042, raconte ce moment o\u00f9 un ado qui vient de perdre sa m\u00e8re et qui est victime de harc\u00e8lement scolaire, rencontre un jeune adulte caboss\u00e9 de la vie. Ils vont se reconstruire ensemble gr\u00e2ce \u00e0 leur passion commune pour la planche \u00e0 roulettes\u2026<\/p>\n<p>D\u00e9monstration de skate<\/p>\n<p>D\u00e8s 17\u00a0h, une d\u00e9monstration de skate est programm\u00e9e devant le cin\u00e9ma, sur la place du Commerce, avec un miniconcours entre riders d\u2019associations locales sur des modules. \u00a0On essaie de donner de la valeur ajout\u00e9e \u00e0 nos films en proposant aux spectateurs une exp\u00e9rience, une sortie du quotidien, avec des \u00e9v\u00e9nements comme celui-ci\u00a0\u00bb, explique Jonathan Musset, \u00e0 la t\u00eate de la bo\u00eete locale de distribution.<\/p>\n<p>\u00c0 l\u2019issue de la projection du long-m\u00e9trage, le public nantais pourra rencontrer l\u2019acteur principal, <a href=\"https:\/\/saint-gilles-croix-de-vie.maville.com\/actu\/actudet_-portrait.-ce-role-de-joeystarr-est-devenu-une-obsession-confie-le-vendeen-theo-christine-_15-4971449_actu.Htm\" rel=\"nofollow noopener\" target=\"_blank\">Th\u00e9o Christine<\/a>, connu pour avoir camp\u00e9 avec brio JoeyStarr, dans un biopic consacr\u00e9 \u00e0 NTM. Son acolyte dans le long-m\u00e9trage, <a href=\"https:\/\/vannes.maville.com\/sport\/detail_-portrait.-a-14-ans-ce-jeune-skateur-breton-est-le-heros-du-film-quand-tu-seras-grand-_12-5709186_actu.Htm\" rel=\"nofollow noopener\" target=\"_blank\">Kristen Billon, vient d\u2019\u00eatre sacr\u00e9 deuxi\u00e8me meilleur skateur au championnat de France<\/a>. Un after devrait se tenir avec un DJ set dans un bar du coin pour conclure la soir\u00e9e.<\/p>\n<p><strong>Vendredi 25\u00a0avril,<\/strong> \u00e0 20\u00a0h, au cin\u00e9ma Path\u00e9, place du Commerce, \u00e0 Nantes.<\/p>\n<p>\u00a0<\/p>\n","protected":false},"excerpt":{"rendered":"Ce vendredi 25\u00a0avril, la diffusion du film Ollie, sign\u00e9 Antoine Besse, une ode \u00e0 la pratique du skateboard&hellip;\n","protected":false},"author":2,"featured_media":51387,"comment_status":"","ping_status":"","sticky":false,"template":"","format":"standard","meta":{"footnotes":""},"categories":[2818],"tags":[1111,11,3809,1465,1777,674,63,1011,27,1792,1922,766,12,2636,25,479,517,1470],"class_list":{"0":"post-51386","1":"post","2":"type-post","3":"status-publish","4":"format-standard","5":"has-post-thumbnail","7":"category-nantes","8":"tag-actu","9":"tag-actualites","10":"tag-ball","11":"tag-basket","12":"tag-eu","13":"tag-europe","14":"tag-football","15":"tag-fr","16":"tag-france","17":"tag-handball","18":"tag-info","19":"tag-nantes","20":"tag-news","21":"tag-pays-de-la-loire","22":"tag-republique-francaise","23":"tag-rugby","24":"tag-sport","25":"tag-volley"},"share_on_mastodon":{"url":"https:\/\/pubeurope.com\/@fr\/114397851428472971","error":""},"_links":{"self":[{"href":"https:\/\/www.europesays.com\/fr\/wp-json\/wp\/v2\/posts\/51386","targetHints":{"allow":["GET"]}}],"collection":[{"href":"https:\/\/www.europesays.com\/fr\/wp-json\/wp\/v2\/posts"}],"about":[{"href":"https:\/\/www.europesays.com\/fr\/wp-json\/wp\/v2\/types\/post"}],"author":[{"embeddable":true,"href":"https:\/\/www.europesays.com\/fr\/wp-json\/wp\/v2\/users\/2"}],"replies":[{"embeddable":true,"href":"https:\/\/www.europesays.com\/fr\/wp-json\/wp\/v2\/comments?post=51386"}],"version-history":[{"count":0,"href":"https:\/\/www.europesays.com\/fr\/wp-json\/wp\/v2\/posts\/51386\/revisions"}],"wp:featuredmedia":[{"embeddable":true,"href":"https:\/\/www.europesays.com\/fr\/wp-json\/wp\/v2\/media\/51387"}],"wp:attachment":[{"href":"https:\/\/www.europesays.com\/fr\/wp-json\/wp\/v2\/media?parent=51386"}],"wp:term":[{"taxonomy":"category","embeddable":true,"href":"https:\/\/www.europesays.com\/fr\/wp-json\/wp\/v2\/categories?post=51386"},{"taxonomy":"post_tag","embeddable":true,"href":"https:\/\/www.europesays.com\/fr\/wp-json\/wp\/v2\/tags?post=51386"}],"curies":[{"name":"wp","href":"https:\/\/api.w.org\/{rel}","templated":true}]}}