{"id":513867,"date":"2025-11-05T16:06:14","date_gmt":"2025-11-05T16:06:14","guid":{"rendered":"https:\/\/www.europesays.com\/fr\/513867\/"},"modified":"2025-11-05T16:06:14","modified_gmt":"2025-11-05T16:06:14","slug":"russie-poutine-demande-des-propositions-sur-une-eventuelle-reprise-des-essais-nucleaires-05-11-2025-a-1655","status":"publish","type":"post","link":"https:\/\/www.europesays.com\/fr\/513867\/","title":{"rendered":"Russie-Poutine demande des propositions sur une \u00e9ventuelle reprise des essais nucl\u00e9aires &#8211; 05\/11\/2025 \u00e0 16:55"},"content":{"rendered":"<p>\n (Actualis\u00e9 avec pr\u00e9cisions et contexte)\n<\/p>\n<p>\n Le pr\u00e9sident russe<br \/>\nVladimir Poutine a ordonn\u00e9 mercredi \u00e0 ses hauts responsables<br \/>\nmilitaires et de d\u00e9fense d&rsquo;\u00e9laborer des propositions concernant<br \/>\nd&rsquo;\u00e9ventuels essais d&rsquo;armes nucl\u00e9aires, ce qui constituerait une<br \/>\npremi\u00e8re depuis la chute de l&rsquo;URSS en 1991.\n<\/p>\n<p>\n \u00ab\u00a0Je charge le minist\u00e8re des Affaires \u00e9trang\u00e8res, le<br \/>\nminist\u00e8re de la D\u00e9fense, les services sp\u00e9ciaux et les agences<br \/>\nciviles comp\u00e9tentes de tout mettre en \u0153uvre pour recueillir des<br \/>\ninformations suppl\u00e9mentaires sur cette question, de les analyser<br \/>\nau sein du Conseil de s\u00e9curit\u00e9 et de formuler des propositions<br \/>\nconcert\u00e9es sur le lancement \u00e9ventuel des pr\u00e9paratifs d&rsquo;essais<br \/>\nd&rsquo;armes nucl\u00e9aires\u00a0\u00bb, a d\u00e9clar\u00e9 Vladimir Poutine lors d&rsquo;une<br \/>\nr\u00e9union de haut rang.\n<\/p>\n<p>\n Ces d\u00e9clarations interviennent apr\u00e8s que Donald Trump a<br \/>\nordonn\u00e9 fin octobre \u00e0 l&rsquo;arm\u00e9e am\u00e9ricaine de reprendre<br \/>\nimm\u00e9diatement les essais d&rsquo;armes nucl\u00e9aires, une d\u00e9cision qui<br \/>\nconstitue une premi\u00e8re en 33 ans pour les Etats-Unis.\n<\/p>\n<p>\n Le pr\u00e9sident am\u00e9ricain n&rsquo;a pas encore pr\u00e9cis\u00e9 s&rsquo;il<br \/>\nfaisait r\u00e9f\u00e9rence \u00e0 des essais nucl\u00e9aires explosifs ou \u00e0 des<br \/>\nessais en vol de missiles \u00e0 capacit\u00e9 nucl\u00e9aire.\n<\/p>\n<p>\n La Russie a toujours strictement respect\u00e9 ses obligations au<br \/>\ntitre du Trait\u00e9 d&rsquo;interdiction compl\u00e8te des essais nucl\u00e9aires,<br \/>\nmais si les \u00c9tats-Unis ou toute autre puissance nucl\u00e9aire<br \/>\nproc\u00e8dent \u00e0 un tel essai, la Russie en fera de m\u00eame, a d\u00e9clar\u00e9<br \/>\nmercredi Vladimir Poutine lors de la r\u00e9union.\n<\/p>\n<p>\n Aucun pays hormis la Cor\u00e9e du Nord &#8211; le plus r\u00e9cemment<br \/>\nen 2017 &#8211; n&rsquo;a effectu\u00e9 d&rsquo;essais explosifs d&rsquo;armes nucl\u00e9aires au<br \/>\nXXIe si\u00e8cle.\n<\/p>\n<p>\n Les \u00c9tats-Unis ont r\u00e9alis\u00e9 leur dernier essai en 1992,<br \/>\nla Chine et la France en 1996 et l&rsquo;Union sovi\u00e9tique en 1990. La<br \/>\nRussie post-URSS, qui a h\u00e9rit\u00e9 de l&rsquo;arsenal nucl\u00e9aire<br \/>\nsovi\u00e9tique, n&rsquo;en a jamais effectu\u00e9.\n<\/p>\n<p>\n Le ministre de la D\u00e9fense, Andre\u00ef Beloussov, a d\u00e9clar\u00e9<br \/>\nmercredi \u00e0 Vladimir Poutine que les r\u00e9centes d\u00e9clarations et<br \/>\nactions des \u00c9tats-Unis rendaient \u00ab\u00a0conseillable de se pr\u00e9parer<br \/>\nimm\u00e9diatement \u00e0 des essais nucl\u00e9aires \u00e0 grande \u00e9chelle\u00a0\u00bb.\n<\/p>\n<p>\n Le site d&rsquo;essais russe de Nouvelle-Zemble, situ\u00e9 dans<br \/>\nl&rsquo;Arctique, pourrait accueillir de tels essais dans les plus<br \/>\nbrefs d\u00e9lais, a-t-il ajout\u00e9.\n<\/p>\n<p>\n Le mois dernier, la Russie a men\u00e9 des tests sur le missile<br \/>\nde croisi\u00e8re Bourevestnik et la super-torpille Pos\u00e9idon, tous<br \/>\ndeux \u00e0 propulsion nucl\u00e9aire.\n<\/p>\n<p>\n (Reportage Vladimir Soldatkin, r\u00e9dig\u00e9 par Lucy Papachristou,<br \/>\nversion fran\u00e7aise Blandine H\u00e9nault, \u00e9dit\u00e9 par Zhifan Liu)<\/p>\n","protected":false},"excerpt":{"rendered":"(Actualis\u00e9 avec pr\u00e9cisions et contexte) Le pr\u00e9sident russe Vladimir Poutine a ordonn\u00e9 mercredi \u00e0 ses hauts responsables militaires&hellip;\n","protected":false},"author":2,"featured_media":2486,"comment_status":"","ping_status":"","sticky":false,"template":"","format":"standard","meta":{"footnotes":""},"categories":[1591],"tags":[400,11,398,408,405,1887,403,402,399,404,12,1885,1886,132,401,406,407],"class_list":{"0":"post-513867","1":"post","2":"type-post","3":"status-publish","4":"format-standard","5":"has-post-thumbnail","7":"category-russie","8":"tag-action-cac-40","9":"tag-actualites","10":"tag-bourse-de-paris","11":"tag-boursorama","12":"tag-cotations","13":"tag-federation-de-russie","14":"tag-indices-devises","15":"tag-investir","16":"tag-investissement","17":"tag-marche-boursier","18":"tag-news","19":"tag-russia","20":"tag-russian-federation","21":"tag-russie","22":"tag-sicav","23":"tag-trackers","24":"tag-warrants"},"share_on_mastodon":{"url":"https:\/\/pubeurope.com\/@fr\/115497951878704063","error":""},"_links":{"self":[{"href":"https:\/\/www.europesays.com\/fr\/wp-json\/wp\/v2\/posts\/513867","targetHints":{"allow":["GET"]}}],"collection":[{"href":"https:\/\/www.europesays.com\/fr\/wp-json\/wp\/v2\/posts"}],"about":[{"href":"https:\/\/www.europesays.com\/fr\/wp-json\/wp\/v2\/types\/post"}],"author":[{"embeddable":true,"href":"https:\/\/www.europesays.com\/fr\/wp-json\/wp\/v2\/users\/2"}],"replies":[{"embeddable":true,"href":"https:\/\/www.europesays.com\/fr\/wp-json\/wp\/v2\/comments?post=513867"}],"version-history":[{"count":0,"href":"https:\/\/www.europesays.com\/fr\/wp-json\/wp\/v2\/posts\/513867\/revisions"}],"wp:featuredmedia":[{"embeddable":true,"href":"https:\/\/www.europesays.com\/fr\/wp-json\/wp\/v2\/media\/2486"}],"wp:attachment":[{"href":"https:\/\/www.europesays.com\/fr\/wp-json\/wp\/v2\/media?parent=513867"}],"wp:term":[{"taxonomy":"category","embeddable":true,"href":"https:\/\/www.europesays.com\/fr\/wp-json\/wp\/v2\/categories?post=513867"},{"taxonomy":"post_tag","embeddable":true,"href":"https:\/\/www.europesays.com\/fr\/wp-json\/wp\/v2\/tags?post=513867"}],"curies":[{"name":"wp","href":"https:\/\/api.w.org\/{rel}","templated":true}]}}