{"id":513874,"date":"2025-11-05T16:10:15","date_gmt":"2025-11-05T16:10:15","guid":{"rendered":"https:\/\/www.europesays.com\/fr\/513874\/"},"modified":"2025-11-05T16:10:15","modified_gmt":"2025-11-05T16:10:15","slug":"allemagne-multiples-arrestations-dans-une-enquete-pour-fraude-impliquant-des-societes-de-paiement-05-11-2025-a-1647","status":"publish","type":"post","link":"https:\/\/www.europesays.com\/fr\/513874\/","title":{"rendered":"Allemagne: Multiples arrestations dans une enqu\u00eate pour fraude impliquant des soci\u00e9t\u00e9s de paiement &#8211; 05\/11\/2025 \u00e0 16:47"},"content":{"rendered":"<p>        <img decoding=\"async\" src=\"https:\/\/www.europesays.com\/fr\/wp-content\/uploads\/2025\/11\/46e2cf1a1666c7c285429601f10a08bd-760x508.jpg\" alt=\"Symbole du paiement sans contact\" loading=\"eager\" fetchpriority=\"high\" width=\"760\" height=\"508\" style=\"max-width: 100%!important; height: auto;\"\/><\/p>\n<p class=\"c-image-news__legend\">Symbole du paiement sans contact<\/p>\n<p>\n par Tom Sims\n<\/p>\n<p>\n Dix-huit personnes ont \u00e9t\u00e9 arr\u00eat\u00e9es \u00e0 la suite d&rsquo;une enqu\u00eate internationale coordonn\u00e9e par l&rsquo;Allemagne sur des r\u00e9seaux de fraude et de blanchiment d&rsquo;argent en ligne qui utilisaient des prestataires de services de paiement, ont annonc\u00e9 mercredi les autorit\u00e9s allemandes.\n<\/p>\n<p>\n Au total, 44 suspects, dont six anciens employ\u00e9s de grands prestataires de services de paiement allemands, sont soup\u00e7onn\u00e9s d&rsquo;avoir pris part \u00e0 ce syst\u00e8me, qui a consist\u00e9 \u00e0 voler les donn\u00e9es des cartes de cr\u00e9dit de quelque 4,3 millions de personnes dans 193 pays, ont indiqu\u00e9 la police et les procureurs allemands.\n<\/p>\n<p>\n Les suspects ont en partie utilis\u00e9 la technique du \u00ab\u00a0phishing\u00a0\u00bb pour voler les donn\u00e9es des individus, puis ont cr\u00e9\u00e9 des abonnements pour des factures r\u00e9currentes sur de faux services pornographiques et de rencontres, le tout avec l&rsquo;aide des soci\u00e9t\u00e9s de paiement, ce qui a permis d&rsquo;accumuler plus de 300 millions d&rsquo;euros de dommages, ont d\u00e9clar\u00e9 les responsables lors d&rsquo;une conf\u00e9rence de presse dans la ville de Wiesbaden, en Allemagne.\n<\/p>\n<p>\n Cette affaire porte un nouveau coup \u00e0 la r\u00e9putation du secteur financier de la premi\u00e8re \u00e9conomie europ\u00e9enne, cinq ans apr\u00e8s l&rsquo;effondrement de la soci\u00e9t\u00e9 de paiement allemande Wirecard \u00e0 la suite d&rsquo;un scandale de fraude.\n<\/p>\n<p>\n \u00ab\u00a0Les accus\u00e9s ont collabor\u00e9 avec quatre grands fournisseurs de services allemands, compromettant ainsi une partie du secteur financier allemand. Cela souligne l&rsquo;importance particuli\u00e8re de cette proc\u00e9dure\u00a0\u00bb, a d\u00e9clar\u00e9 le procureur charg\u00e9 de l&rsquo;affaire, Harald Kruse.\n<\/p>\n<p>\n Les autorit\u00e9s ont refus\u00e9 de nommer les soci\u00e9t\u00e9s de paiement qui employaient ces personnes, mais une personne ayant une connaissance directe de l&rsquo;affaire a d\u00e9clar\u00e9 qu&rsquo;il s&rsquo;agissait d&rsquo;Unzer et de Nexi.\n<\/p>\n<p>\n Unzer a d\u00e9clar\u00e9 dans un communiqu\u00e9 avoir mis fin \u00e0 ses relations avec les entreprises en question en 2021. \u00ab\u00a0Les enqu\u00eates ne sont pas dirig\u00e9es contre des personnes actuellement employ\u00e9es par la soci\u00e9t\u00e9\u00a0\u00bb, a d\u00e9clar\u00e9 Unzer.\n<\/p>\n<p>\n Nexi a \u00e9galement d\u00e9clar\u00e9 qu&rsquo;elle avait \u00ab\u00a0proactivement mis fin \u00e0 toutes les relations d&rsquo;affaires pertinentes\u00a0\u00bb en 2021.\n<\/p>\n<p>\n La procureure Susanne Sch\u00fcler a accus\u00e9 les anciens employ\u00e9s d&rsquo;avoir commis des irr\u00e9gularit\u00e9s lors de la d\u00e9cision initiale de faire des affaires avec des entreprises douteuses et d&rsquo;avoir manqu\u00e9 \u00e0 leur devoir de surveillance des transactions.\n<\/p>\n<p>\n La nature tentaculaire de l&rsquo;affaire met en \u00e9vidence l&rsquo;intersection floue entre les mondes de la cybercriminalit\u00e9 et de la criminalit\u00e9 en col blanc, ont d\u00e9clar\u00e9 les responsables.\n<\/p>\n<p>\n \u00ab\u00a0Ce qui ressemblait au d\u00e9part \u00e0 de petits d\u00e9bits s&rsquo;est av\u00e9r\u00e9 \u00eatre un mod\u00e8le commercial mondial avec des structures professionnelles\u00a0\u00bb, a d\u00e9clar\u00e9 Daniel Thelesklaf, chef de la cellule de renseignement financier allemande, lors de la m\u00eame conf\u00e9rence de presse.\n<\/p>\n<p>\n \u00ab\u00a0Nous pouvons voir \u00e0 quoi ressemblera la criminalit\u00e9 financi\u00e8re en 2025. Elle est internationale, num\u00e9rique et collaborative.\u00a0\u00bb\n<\/p>\n<p>\n Les fonctionnaires n&rsquo;ont donn\u00e9 aucun d\u00e9tail sur les personnes arr\u00eat\u00e9es.\n<\/p>\n<p>\n Les responsables avaient gard\u00e9 leur enqu\u00eate secr\u00e8te jusqu&rsquo;\u00e0 mardi soir, lorsqu&rsquo;ils ont r\u00e9v\u00e9l\u00e9 une perquisition coordonn\u00e9e dans des b\u00e2timents en Allemagne, en Italie, au Canada, au Luxembourg, aux Pays-Bas, \u00e0 Singapour, en Espagne, aux \u00c9tats-Unis et \u00e0 Chypre.\n<\/p>\n<p>\n (Avec Hakan Ersen, Mara Vilcu pour la version fran\u00e7aise, \u00e9dit\u00e9 par Blandine H\u00e9nault)<\/p>\n","protected":false},"excerpt":{"rendered":"Symbole du paiement sans contact par Tom Sims Dix-huit personnes ont \u00e9t\u00e9 arr\u00eat\u00e9es \u00e0 la suite d&rsquo;une enqu\u00eate&hellip;\n","protected":false},"author":2,"featured_media":513875,"comment_status":"","ping_status":"","sticky":false,"template":"","format":"standard","meta":{"footnotes":""},"categories":[1587],"tags":[400,11,672,398,408,1804,405,1805,1803,1777,674,1801,403,402,399,404,12,1802,401,406,407],"class_list":{"0":"post-513874","1":"post","2":"type-post","3":"status-publish","4":"format-standard","5":"has-post-thumbnail","7":"category-allemagne","8":"tag-action-cac-40","9":"tag-actualites","10":"tag-allemagne","11":"tag-bourse-de-paris","12":"tag-boursorama","13":"tag-bundesrepublik-deutschland","14":"tag-cotations","15":"tag-de","16":"tag-deutschland","17":"tag-eu","18":"tag-europe","19":"tag-germany","20":"tag-indices-devises","21":"tag-investir","22":"tag-investissement","23":"tag-marche-boursier","24":"tag-news","25":"tag-republique-federale-dallemagne","26":"tag-sicav","27":"tag-trackers","28":"tag-warrants"},"share_on_mastodon":{"url":"https:\/\/pubeurope.com\/@fr\/115497968253004195","error":""},"_links":{"self":[{"href":"https:\/\/www.europesays.com\/fr\/wp-json\/wp\/v2\/posts\/513874","targetHints":{"allow":["GET"]}}],"collection":[{"href":"https:\/\/www.europesays.com\/fr\/wp-json\/wp\/v2\/posts"}],"about":[{"href":"https:\/\/www.europesays.com\/fr\/wp-json\/wp\/v2\/types\/post"}],"author":[{"embeddable":true,"href":"https:\/\/www.europesays.com\/fr\/wp-json\/wp\/v2\/users\/2"}],"replies":[{"embeddable":true,"href":"https:\/\/www.europesays.com\/fr\/wp-json\/wp\/v2\/comments?post=513874"}],"version-history":[{"count":0,"href":"https:\/\/www.europesays.com\/fr\/wp-json\/wp\/v2\/posts\/513874\/revisions"}],"wp:featuredmedia":[{"embeddable":true,"href":"https:\/\/www.europesays.com\/fr\/wp-json\/wp\/v2\/media\/513875"}],"wp:attachment":[{"href":"https:\/\/www.europesays.com\/fr\/wp-json\/wp\/v2\/media?parent=513874"}],"wp:term":[{"taxonomy":"category","embeddable":true,"href":"https:\/\/www.europesays.com\/fr\/wp-json\/wp\/v2\/categories?post=513874"},{"taxonomy":"post_tag","embeddable":true,"href":"https:\/\/www.europesays.com\/fr\/wp-json\/wp\/v2\/tags?post=513874"}],"curies":[{"name":"wp","href":"https:\/\/api.w.org\/{rel}","templated":true}]}}