{"id":513884,"date":"2025-11-05T16:15:19","date_gmt":"2025-11-05T16:15:19","guid":{"rendered":"https:\/\/www.europesays.com\/fr\/513884\/"},"modified":"2025-11-05T16:15:19","modified_gmt":"2025-11-05T16:15:19","slug":"coupe-de-france-feminine-ifs-et-le-sm-caen-connaissent-leurs-adversaires-du-1er-tour-federal-un-derby-en-vue","status":"publish","type":"post","link":"https:\/\/www.europesays.com\/fr\/513884\/","title":{"rendered":"Coupe de France f\u00e9minine. Ifs et le SM Caen connaissent leurs adversaires du 1er tour f\u00e9d\u00e9ral, un derby en vue"},"content":{"rendered":"<p>            Par<br \/>\n        <strong><br \/>\n            <a href=\"https:\/\/actu.fr\/auteur\/nicolas-claich\" title=\"Consulter tous les articles de Nicolas Claich\" target=\"_blank\" rel=\"noopener\">Nicolas Claich<\/a><br \/>\n        <\/strong><\/p>\n<p>        Publi\u00e9 le<\/p>\n<p>            5 nov. 2025 \u00e0 17h03        <\/p>\n<p>Il sera difficile de ne pas avoir la t\u00eate au 14 d\u00e9cembre 2025, pour les filles de l\u2019<b>AS Ifs<\/b> et du <b>Stade Malherbe Caen (Calvados)<\/b>, \u00e0 l\u2019occasion du 1er tour f\u00e9d\u00e9ral de la <b>Coupe de France f\u00e9minine<\/b>. Les deux derniers repr\u00e9sentants du football calvadosien pourraient en effet <b>se retrouver au prochain tour<\/b>, \u00e0 l\u2019instar des PTT Caen et du SM Caen <a href=\"https:\/\/actu.fr\/normandie\/caen_14118\/coupe-de-france-le-coach-de-lasptt-ne-veut-pas-entendre-parler-dun-derby-contre-le-sm-caen_63368883.html\" target=\"_blank\" rel=\"noopener\">chez les gar\u00e7ons<\/a>.<\/p>\n<p>Match historique pour l\u2019AS Ifs<\/p>\n<p class=\" wall-content\">Mais avant cela, Ifoises et Malherbistes devront se d\u00e9barrasser respectivement de <b>Chartres et Paris So C\u0153ur<\/b>, deux \u00e9quipes de niveau r\u00e9gional, dimanche 23 novembre.<\/p>\n<p class=\" wall-content\">Les Ifoises, vainqueurs d\u2019Avranches au tour pr\u00e9c\u00e9dent et <a href=\"https:\/\/actu.fr\/normandie\/ifs_14341\/coupe-de-france-feminine-devant-400-supporters-las-ifs-ecrit-une-nouvelle-page-de-son-histoire_63383883.html\" target=\"_blank\" rel=\"noopener\">qualifi\u00e9es pour la premi\u00e8re fois<\/a> au niveau national, recevront les Chartraines au stade Pierre Mend\u00e8s-France (coup d\u2019envoi \u00e0 13h). Les joueuses d\u2019Eure-et-Loir pointent actuellement en 5e position en R\u00e9gional 1 du Centre \u2013 Val-de-Loire, tandis que les prot\u00e9g\u00e9es de M\u00e9lina Mohammadi sont 6e en Normandie.<\/p>\n<p>Malherbe devra se m\u00e9fier<\/p>\n<p class=\" wall-content\">Les Malherbistes de Tristan Blanchard, quant \u00e0 elles, recevront les Parisiennes \u00e0 Venoix, apr\u00e8s s\u2019\u00eatre d\u00e9faites d\u2019Alen\u00e7on (4-1) <a href=\"https:\/\/actu.fr\/normandie\/caen_14118\/coupe-de-france-le-sm-caen-se-qualifie-sans-trembler-malgre-le-superbe-but-de-son-ancienne-joueuse-lucie-mary_63384163.html\" target=\"_blank\" rel=\"noopener\">au tour pr\u00e9c\u00e9dent<\/a>. Les partenaires de <a href=\"https:\/\/actu.fr\/normandie\/caen_14118\/sm-caen-korkell-seck-une-nouvelle-internationale-senegalaise-dans-les-rangs-de-malherbe_63385345.html\" target=\"_blank\" rel=\"noopener\">Korkell Seck<\/a> devront se m\u00e9fier de joueurs de So C\u0153ur, deuxi\u00e8mes de R1 dans la tr\u00e8s relev\u00e9e ligue de Paris \u2013 Ile-de-France.<\/p>\n<p class=\" wall-content\">Personnalisez votre actualit\u00e9 en ajoutant vos villes et m\u00e9dias en favori avec <a href=\"https:\/\/moncompte.actu.fr\" title=\"D\u00e9couvez Mon Actu\" rel=\"nofollow noopener\" data-trk=\"{&quot;cta&quot;:{&quot;action&quot;:&quot;https:\\\/\\\/moncompte.actu.fr&quot;,&quot;category&quot;:&quot;mon compte&quot;,&quot;from&quot;:&quot;article footer&quot;,&quot;name&quot;:&quot;Mon actu&quot;,&quot;type&quot;:&quot;cta&quot;}}\" target=\"_blank\">Mon Actu<\/a>.<\/p>\n","protected":false},"excerpt":{"rendered":"Par Nicolas Claich Publi\u00e9 le 5 nov. 2025 \u00e0 17h03 Il sera difficile de ne pas avoir la&hellip;\n","protected":false},"author":2,"featured_media":513885,"comment_status":"","ping_status":"","sticky":false,"template":"","format":"standard","meta":{"footnotes":""},"categories":[4],"tags":[11,83,15922,25068,63,1011,27,12,25,60],"class_list":{"0":"post-513884","1":"post","2":"type-post","3":"status-publish","4":"format-standard","5":"has-post-thumbnail","7":"category-france","8":"tag-actualites","9":"tag-coupe-de-france","10":"tag-coupe-de-france-de-football","11":"tag-foot-normandie","12":"tag-football","13":"tag-fr","14":"tag-france","15":"tag-news","16":"tag-republique-francaise","17":"tag-sports"},"share_on_mastodon":{"url":"https:\/\/pubeurope.com\/@fr\/115497987198950594","error":""},"_links":{"self":[{"href":"https:\/\/www.europesays.com\/fr\/wp-json\/wp\/v2\/posts\/513884","targetHints":{"allow":["GET"]}}],"collection":[{"href":"https:\/\/www.europesays.com\/fr\/wp-json\/wp\/v2\/posts"}],"about":[{"href":"https:\/\/www.europesays.com\/fr\/wp-json\/wp\/v2\/types\/post"}],"author":[{"embeddable":true,"href":"https:\/\/www.europesays.com\/fr\/wp-json\/wp\/v2\/users\/2"}],"replies":[{"embeddable":true,"href":"https:\/\/www.europesays.com\/fr\/wp-json\/wp\/v2\/comments?post=513884"}],"version-history":[{"count":0,"href":"https:\/\/www.europesays.com\/fr\/wp-json\/wp\/v2\/posts\/513884\/revisions"}],"wp:featuredmedia":[{"embeddable":true,"href":"https:\/\/www.europesays.com\/fr\/wp-json\/wp\/v2\/media\/513885"}],"wp:attachment":[{"href":"https:\/\/www.europesays.com\/fr\/wp-json\/wp\/v2\/media?parent=513884"}],"wp:term":[{"taxonomy":"category","embeddable":true,"href":"https:\/\/www.europesays.com\/fr\/wp-json\/wp\/v2\/categories?post=513884"},{"taxonomy":"post_tag","embeddable":true,"href":"https:\/\/www.europesays.com\/fr\/wp-json\/wp\/v2\/tags?post=513884"}],"curies":[{"name":"wp","href":"https:\/\/api.w.org\/{rel}","templated":true}]}}