{"id":513899,"date":"2025-11-05T16:28:14","date_gmt":"2025-11-05T16:28:14","guid":{"rendered":"https:\/\/www.europesays.com\/fr\/513899\/"},"modified":"2025-11-05T16:28:14","modified_gmt":"2025-11-05T16:28:14","slug":"lemotion-de-jordan-de-luxe-au-moment-devoquer-son-homosexualite-et-sa-mere-sur-le-plateau-de-cyril-hanouna","status":"publish","type":"post","link":"https:\/\/www.europesays.com\/fr\/513899\/","title":{"rendered":"L\u2019\u00e9motion de Jordan De Luxe au moment d\u2019\u00e9voquer son homosexualit\u00e9 et sa m\u00e8re sur le plateau de Cyril Hanouna"},"content":{"rendered":"<p>Jordan De Luxe s\u2019est d\u00e9charg\u00e9 d\u2019un poids. L\u2019animateur et chroniqueur a confi\u00e9 hier sur le plateau de l\u2019\u00e9mission de Cyril Hanouna, <a href=\"https:\/\/www.20minutes.fr\/arts-stars\/television\/4174524-20250922-tout-beau-tout-n9uf-cyril-hanouna-fait-toujours-politique-show\" target=\"_blank\" class=\"c-link c-link--is-underlined\" rel=\"noopener\">Tout beau, tout n9uf<\/a>, qu\u2019il avait toujours essay\u00e9 de cacher son homosexualit\u00e9 \u00e0 ses parents, pr\u00e9f\u00e9rant \u00e9vitant le sujet.<\/p>\n<p>\u00ab\u00a0J\u2019aimais les poup\u00e9es et les paillettes quand j\u2019\u00e9tais petit. Je n\u2019avais pas envie que ma m\u00e8re me surprenne avec des Barbie et des paillettes\u00a0\u00bb, <a href=\"https:\/\/www.m6.fr\/tout-beau-tout-n9uf-p_27254\/jordan-de-luxe-se-livre-a-coeur-ouvert-c_13150988\" rel=\"nofollow noopener\" target=\"_blank\" class=\"c-link c-link--is-underlined\">a-t-il confi\u00e9<\/a>, convaincu que sa m\u00e8re n\u2019a \u00ab\u00a0jamais\u00a0\u00bb \u00e9t\u00e9 au courant de son orientation sexuelle, m\u00eame si ce d\u00e9tail est plut\u00f4t \u00e9vident selon \u00ab\u00a0plusieurs amis\u00a0\u00bb.<\/p>\n<p>Cyril Hanouna, qui a rappel\u00e9 bien conna\u00eetre la m\u00e8re du chroniqueur, qu\u2019il a qualifi\u00e9e d\u2019\u00ab\u00a0amour\u00a0\u00bb, pense de son c\u00f4t\u00e9 que cette derni\u00e8re se moque \u00e9perdument de l\u2019homosexualit\u00e9 de son fils. \u00ab\u00a0Elle s\u2019en fout totalement. Elle est juste contente d\u2019\u00eatre avec toi et de passer des moments avec toi, de kiffer avec toi, elle s\u2019en fout totalement\u00a0\u00bb, a insist\u00e9 <a href=\"https:\/\/www.20minutes.fr\/arts-stars\/people\/4175053-20250924-samuel-etienne-aime-cyril-hanouna-devenu-tele\" target=\"_blank\" class=\"c-link c-link--is-underlined\" rel=\"noopener\">Baba<\/a>, avant d\u2019\u00e9treindre son coll\u00e8gue, submerg\u00e9 par l\u2019\u00e9motion.<\/p>\n<p>\u00ab\u00a0\u00c7a a toujours \u00e9t\u00e9 compliqu\u00e9\u00a0\u00bb<\/p>\n<p>Jordan De Luxe s\u2019est ensuite rappel\u00e9 des moments peu agr\u00e9ables de sa jeunesse, durant laquelle il s\u2019est efforc\u00e9 de rester discret sur sa sexualit\u00e9 par crainte de mauvaises r\u00e9actions. \u00ab\u00a0J\u2019\u00e9tais \u00e0 la campagne et c\u2019\u00e9tait l\u2019horreur\u00a0\u00bb, a lanc\u00e9 celui qui est aussi \u00e0 la t\u00eate de sa propre \u00e9mission, Jet de luxe. \u00ab\u00a0Je me retenais de regarder les gar\u00e7ons. Quand j\u2019en regardais un, je disais \u00e0 ma m\u00e8re\u00a0: \u00ab\u00a0Ah non, non, je regardais car il a chang\u00e9 de veste, elle est pas mal\u00a0!\u00a0\u00bb Je ne voulais pas le dire parce que je me disais que j\u2019allais me faire incendier.\u00a0\u00bb<\/p>\n<p>L\u2019animateur s\u2019est aussi retenu de pr\u00e9senter des compagnons \u00e0 ses parents. \u00ab\u00a0Je me suis toujours dit que \u00e7a allait \u00eatre un probl\u00e8me pour mes parents et je n\u2019en ai jamais parl\u00e9 avec eux. \u00c7a a toujours \u00e9t\u00e9 compliqu\u00e9. Je ne leur ai jamais pr\u00e9sent\u00e9 quelqu\u2019un\u2026\u00a0\u00bb a-t-il poursuivi. \u00ab\u00a0Quand j\u2019\u00e9tais petit, je me disais\u00a0: \u00ab\u00a0Comment je vais leur annoncer \u00e7a\u00a0?\u00a0\u00bb J\u2019ai m\u00eame fait croire que j\u2019\u00e9tais avec une fille.\u00a0\u00bb<\/p>\n<p>Quelques minutes apr\u00e8s ces confessions en direct, <a href=\"https:\/\/www.20minutes.fr\/arts-stars\/television\/4044288-20230707-c8-passionne-tele-intervieweur-peu-kitsch-jordan-luxe\" target=\"_blank\" class=\"c-link c-link--is-underlined\" rel=\"noopener\">Jordan De Luxe<\/a> a fait part d\u2019un message envoy\u00e9 par sa m\u00e8re en r\u00e9action \u00e0 cette s\u00e9quence. \u00ab\u00a0Elle m\u2019a envoy\u00e9\u00a0: \u00ab\u00a0Je t\u2019aime mon ch\u00e9ri, cela n\u2019a aucune importance pour moi, Cyril a raison\u00a0\u00bb\u00a0\u00bb, a-t-il lu, \u00e9mu, sous les applaudissements du public.<\/p>\n","protected":false},"excerpt":{"rendered":"Jordan De Luxe s\u2019est d\u00e9charg\u00e9 d\u2019un poids. L\u2019animateur et chroniqueur a confi\u00e9 hier sur le plateau de l\u2019\u00e9mission&hellip;\n","protected":false},"author":2,"featured_media":513900,"comment_status":"","ping_status":"","sticky":false,"template":"","format":"standard","meta":{"footnotes":""},"categories":[1356],"tags":[1083,58,59,1011,27,22468,3306,973,252,1364,133],"class_list":{"0":"post-513899","1":"post","2":"type-post","3":"status-publish","4":"format-standard","5":"has-post-thumbnail","7":"category-television","8":"tag-cyril-hanouna","9":"tag-divertissement","10":"tag-entertainment","11":"tag-fr","12":"tag-france","13":"tag-homosexualite","14":"tag-parents","15":"tag-people","16":"tag-television","17":"tag-tv","18":"tag-video"},"share_on_mastodon":{"url":"https:\/\/pubeurope.com\/@fr\/115498038379818524","error":""},"_links":{"self":[{"href":"https:\/\/www.europesays.com\/fr\/wp-json\/wp\/v2\/posts\/513899","targetHints":{"allow":["GET"]}}],"collection":[{"href":"https:\/\/www.europesays.com\/fr\/wp-json\/wp\/v2\/posts"}],"about":[{"href":"https:\/\/www.europesays.com\/fr\/wp-json\/wp\/v2\/types\/post"}],"author":[{"embeddable":true,"href":"https:\/\/www.europesays.com\/fr\/wp-json\/wp\/v2\/users\/2"}],"replies":[{"embeddable":true,"href":"https:\/\/www.europesays.com\/fr\/wp-json\/wp\/v2\/comments?post=513899"}],"version-history":[{"count":0,"href":"https:\/\/www.europesays.com\/fr\/wp-json\/wp\/v2\/posts\/513899\/revisions"}],"wp:featuredmedia":[{"embeddable":true,"href":"https:\/\/www.europesays.com\/fr\/wp-json\/wp\/v2\/media\/513900"}],"wp:attachment":[{"href":"https:\/\/www.europesays.com\/fr\/wp-json\/wp\/v2\/media?parent=513899"}],"wp:term":[{"taxonomy":"category","embeddable":true,"href":"https:\/\/www.europesays.com\/fr\/wp-json\/wp\/v2\/categories?post=513899"},{"taxonomy":"post_tag","embeddable":true,"href":"https:\/\/www.europesays.com\/fr\/wp-json\/wp\/v2\/tags?post=513899"}],"curies":[{"name":"wp","href":"https:\/\/api.w.org\/{rel}","templated":true}]}}