{"id":513901,"date":"2025-11-05T16:29:14","date_gmt":"2025-11-05T16:29:14","guid":{"rendered":"https:\/\/www.europesays.com\/fr\/513901\/"},"modified":"2025-11-05T16:29:14","modified_gmt":"2025-11-05T16:29:14","slug":"jai-failli-perdre-la-vie-kendji-girac-revient-sur-la-nuit-qui-a-tout-change","status":"publish","type":"post","link":"https:\/\/www.europesays.com\/fr\/513901\/","title":{"rendered":"\u00ab\u00a0J\u2019ai failli perdre la vie\u00a0\u00bb\u00a0: Kendji Girac revient sur la nuit qui a tout chang\u00e9"},"content":{"rendered":"<p>  \tBless\u00e9 par balle en avril 2024, Kendji Girac a fr\u00f4l\u00e9 la mort. Aujourd\u2019hui, il revient avec un livre, un double album et une tourn\u00e9e. Une renaissance assum\u00e9e, marqu\u00e9e par une nouvelle sobri\u00e9t\u00e9 et l\u2019envie de transmettre un message.<\/p>\n<p>&#13;<br \/>\n&#13;<\/p>\n<p>\u00c0 29 ans, Kendji Girac est de retour sur tous les fronts\u00a0: un double album Vivre\u2026 Encore, une tourn\u00e9e qui passera par Forest National, et un livre autobiographique, Mi Vida publi\u00e9 chez Flammarion, o\u00f9 il y parle de son enfance, de ses parents, de sa vie de gitan, de ses d\u00e9buts dans The Voice\u2026 Mais parmi les souvenirs et les confidences, une page frappe plus fort que les autres\u00a0: celle du 21 avril 2024, o\u00f9 Kendji raconte sans d\u00e9tour la nuit o\u00f9 une balle lui a travers\u00e9 le thorax. Un accident qui aurait pu lui co\u00fbter la vie.<\/p>\n<p>Ce soir-l\u00e0, dans une caravane \u00e0 Biscarrosse, une soir\u00e9e arros\u00e9e vire au drame. Sous l\u2019emprise de l\u2019alcool, Kendji se blesse par balle. Il parle d\u2019un geste inconscient aux cons\u00e9quences terribles. L\u2019enqu\u00eate \u00e9voquera un suicide simul\u00e9, avant d\u2019\u00eatre class\u00e9e sans suite. \u00ab\u00a0Moi, \u00e7a m\u2019est arriv\u00e9, j\u2019ai failli perdre la vie\u00a0\u00bb, confie-t-il aujourd\u2019hui sur le plateau du RTL info 13 heures. Une balle au thorax, une chance sur mille de s\u2019en sortir, selon les m\u00e9decins. Depuis, rien n\u2019est plus tout \u00e0 fait pareil. Cette nuit-l\u00e0 marque un tournant, une prise de conscience brutale et le d\u00e9but d\u2019une reconstruction.<\/p>\n<p>&#13;<br \/>\n&#13;<\/p>\n<p>&#13;<br \/>\n&#13;<\/p>\n<p>Avec le recul, ce qu\u2019il retient de cette nuit-l\u00e0, c\u2019est avant tout le danger que peut repr\u00e9senter l\u2019alcool. \u00ab\u00a0C\u2019est l\u2019inconscience de ne pas savoir que l\u2019alcool peut \u00eatre un grand danger. Maintenant, je le sais\u00a0\u00bb, confie-t-il. Pas question pour lui de se chercher des excuses. Au contraire, il veut faire de cette \u00e9preuve un message, en particulier \u00e0 destination des jeunes. \u00ab\u00a0Parfois on cherche la f\u00eate, mais je ne sais pas si c\u2019est de l\u2019amusement ou du danger qu\u2019on peut trouver au bout de ce chemin\u00a0\u00bb, poursuit-il.<\/p>\n<p>Cette blessure, il la voit aujourd\u2019hui comme un \u00e9lectrochoc, un signal d\u2019alerte. Mais aussi comme une deuxi\u00e8me chance. Une chance de repartir diff\u00e9remment. Une renaissance, comme il le dit lui-m\u00eame.<\/p>\n<p>Plus vivant que jamais<\/p>\n<p>Depuis ce jour, il est sobre\u00a0: \u00ab\u00a0Je m\u2019en porte beaucoup mieux.\u00a0\u00bb Soutenu par sa famille, par ses proches, mais aussi par un public qui ne l\u2019a jamais l\u00e2ch\u00e9, Kendji puise dans cet amour une force nouvelle. \u00ab\u00a0J\u2019ai re\u00e7u tellement d\u2019amour que j\u2019ai eu toute la force n\u00e9cessaire pour avancer\u00a0\u00bb, insiste-t-il.<\/p>\n<p>&#13;<br \/>\n&#13;<\/p>\n<p>&#13;<br \/>\n&#13;<\/p>\n<p>Le chanteur le r\u00e9p\u00e8te\u00a0: s\u2019il est encore l\u00e0, ce n\u2019est pas pour rien. \u00ab\u00a0Je me dis pourquoi je suis encore l\u00e0\u2026 et je pense que c\u2019est pour faire des belles choses. M\u2019entourer des bonnes personnes et faire du bien.\u00a0\u00bb<\/p>\n<p>\n  &#13;<br \/>\n  \u00c0 lire aussi&#13;<br \/>\n  &#13;<\/p>\n<p>  <img decoding=\"async\" data-copyright=\"\u00a9Belga\" class=\"r-img\"  typeof=\"foaf:Image\" src=\"https:\/\/www.europesays.com\/fr\/wp-content\/uploads\/2025\/11\/kendji.jpg\" alt=\"kendji\"\/><br \/>\n        <a class=\"r-stories--link\" href=\"https:\/\/www.rtl.be\/people\/news\/plus-vrai-et-protecteur-que-jamais-decouvrez-le-message-cache-de-kendji-girac-sa\/2025-01-24\/article\/736734\" target=\"_blank\" rel=\"noopener\">\u00ab\u00a0Plus vrai et protecteur que jamais\u00a0\u00bb: d\u00e9couvrez le message cach\u00e9 de Kendji Girac \u00e0 sa compagne<\/a>&#13;<br \/>\n  &#13;<br \/>\n&#13;\n<\/p>\n<p>Aujourd\u2019hui, Kendji veut transformer cette \u00e9preuve en \u00e9nergie positive. Dans son double album, il c\u00e9l\u00e8bre la joie, la f\u00eate, les retrouvailles. Sur sc\u00e8ne, il cherche \u00e0 offrir une bulle de bonheur \u00e0 son public\u00a0: \u00ab\u00a0C\u2019est une f\u00eate chaque soir. Un moment pour tout oublier et profiter tous ensemble.\u00a0\u00bb<\/p>\n<p>L\u2019artiste fera d\u2019ailleurs escale en Belgique \u00e0 l\u2019occasion de sa tourn\u00e9e, avec deux dates pr\u00e9vues \u00e0 Forest National, les 12 avril et 6 juin 2026.<\/p>\n<p><strong>Retrouvez le RTL info 13 heures en streaming sur\u00a0<a href=\"https:\/\/www.rtlplay.be\/rtlplay\/rtl-info-13-heures~d82b06b2-977e-426c-a918-e512b16d9277\" class=\"r-stories--HyPlink\" id=\"Hyp-\" target=\"_blank\" rel=\"noopener\">RTL play<\/a>\u00a0et chaque jour en direct sur RTL tvi.<\/strong><\/p>\n<p>&#13;<br \/>\n&#13;<\/p>\n<p>&#13;<br \/>\n&#13;<\/p>\n","protected":false},"excerpt":{"rendered":"Bless\u00e9 par balle en avril 2024, Kendji Girac a fr\u00f4l\u00e9 la mort. Aujourd\u2019hui, il revient avec un livre,&hellip;\n","protected":false},"author":2,"featured_media":513902,"comment_status":"","ping_status":"","sticky":false,"template":"","format":"standard","meta":{"footnotes":""},"categories":[1355],"tags":[58,59,1011,27,1361,873,63397],"class_list":{"0":"post-513901","1":"post","2":"type-post","3":"status-publish","4":"format-standard","5":"has-post-thumbnail","7":"category-musique","8":"tag-divertissement","9":"tag-entertainment","10":"tag-fr","11":"tag-france","12":"tag-music","13":"tag-musique","14":"tag-rtl-info"},"share_on_mastodon":{"url":"https:\/\/pubeurope.com\/@fr\/115498043198219627","error":""},"_links":{"self":[{"href":"https:\/\/www.europesays.com\/fr\/wp-json\/wp\/v2\/posts\/513901","targetHints":{"allow":["GET"]}}],"collection":[{"href":"https:\/\/www.europesays.com\/fr\/wp-json\/wp\/v2\/posts"}],"about":[{"href":"https:\/\/www.europesays.com\/fr\/wp-json\/wp\/v2\/types\/post"}],"author":[{"embeddable":true,"href":"https:\/\/www.europesays.com\/fr\/wp-json\/wp\/v2\/users\/2"}],"replies":[{"embeddable":true,"href":"https:\/\/www.europesays.com\/fr\/wp-json\/wp\/v2\/comments?post=513901"}],"version-history":[{"count":0,"href":"https:\/\/www.europesays.com\/fr\/wp-json\/wp\/v2\/posts\/513901\/revisions"}],"wp:featuredmedia":[{"embeddable":true,"href":"https:\/\/www.europesays.com\/fr\/wp-json\/wp\/v2\/media\/513902"}],"wp:attachment":[{"href":"https:\/\/www.europesays.com\/fr\/wp-json\/wp\/v2\/media?parent=513901"}],"wp:term":[{"taxonomy":"category","embeddable":true,"href":"https:\/\/www.europesays.com\/fr\/wp-json\/wp\/v2\/categories?post=513901"},{"taxonomy":"post_tag","embeddable":true,"href":"https:\/\/www.europesays.com\/fr\/wp-json\/wp\/v2\/tags?post=513901"}],"curies":[{"name":"wp","href":"https:\/\/api.w.org\/{rel}","templated":true}]}}