{"id":513903,"date":"2025-11-05T16:30:24","date_gmt":"2025-11-05T16:30:24","guid":{"rendered":"https:\/\/www.europesays.com\/fr\/513903\/"},"modified":"2025-11-05T16:30:24","modified_gmt":"2025-11-05T16:30:24","slug":"brendan-fraser-et-rachel-weisz-vont-de-nouveau-affronter-la-momie","status":"publish","type":"post","link":"https:\/\/www.europesays.com\/fr\/513903\/","title":{"rendered":"Brendan Fraser et Rachel Weisz vont de nouveau affronter \u00ab\u00a0La Momie\u00a0\u00bb"},"content":{"rendered":"<p class=\"ap-StoryElement ap-StoryElement--mb ap-StoryText\">Une annonce assez surprenante, dans la mesure o\u00f9 la derni\u00e8re tentative en date de relancer la franchise, avec pourtant Tom Cruise, Sofial Boutella et Russel Crowe, n&rsquo;avait pas rencontr\u00e9 le succ\u00e8s escompt\u00e9 en 2017.<\/p>\n<p><a href=\"https:\/\/www.dhnet.be\/medias\/cinema\/2023\/03\/08\/brendan-fraser-bluffant-dans-the-whale-jai-ressenti-lobligation-de-jouer-ce-role-JGOFMRIPJVBQ7J4SJUAKKEA5ZE\/\" target=\"_self\" class=\"ap-StoryInterstitialLink ap-StoryElement ap-StoryElement--mb\" rel=\"noopener\">Brendan Fraser bluffant dans \u00ab\u00a0The Whale\u00a0\u00bb: \u00ab\u00a0J&rsquo;ai ressenti l&rsquo;obligation de jouer ce r\u00f4le\u00a0\u00bb<\/a>\u00ab\u00a0Pas terrifiant ni effrayant\u00a0\u00bb<\/p>\n<p class=\"ap-StoryElement ap-StoryElement--mb ap-StoryText\">\u00c0 l&rsquo;\u00e9poque, Brendan Fraser s&rsquo;\u00e9tait montr\u00e9 pr\u00eat \u00e0 revenir, tout en se montrant assez critique envers le dernier opus dans lequel il ne jouait pas : \u00ab\u00a0Je ne sais pas comment cela pourrait fonctionner, mais je serais ouvert \u00e0 cette id\u00e9e, si quelqu&rsquo;un trouvait le bon concept. L&rsquo;ingr\u00e9dient qui avait fait le succ\u00e8s de notre Momie, et que je n&rsquo;ai pas retrouv\u00e9 dans le nouveau, c&rsquo;\u00e9tait le plaisir. C&rsquo;est ce qui manquait \u00e0 cette nouvelle version. C&rsquo;\u00e9tait un film d&rsquo;horreur trop classique. La Momie devrait \u00eatre un film \u00e0 sensations fortes, mais pas terrifiant ni effrayant.\u00a0\u00bb<\/p>\n<p class=\"ap-StoryElement ap-StoryElement--mb ap-StoryText\">On sait donc \u00e0 quoi s&rsquo;attendre pour la suite.<\/p>\n","protected":false},"excerpt":{"rendered":"Une annonce assez surprenante, dans la mesure o\u00f9 la derni\u00e8re tentative en date de relancer la franchise, avec&hellip;\n","protected":false},"author":2,"featured_media":513904,"comment_status":"","ping_status":"","sticky":false,"template":"","format":"standard","meta":{"footnotes":""},"categories":[1354],"tags":[41036,63460,650,58,59,1346,1011,27,2137,63458,1360,63459,10600,521,5104],"class_list":{"0":"post-513903","1":"post","2":"type-post","3":"status-publish","4":"format-standard","5":"has-post-thumbnail","7":"category-films","8":"tag-blockbuster","9":"tag-brendan-fraser","10":"tag-cinema","11":"tag-divertissement","12":"tag-entertainment","13":"tag-films","14":"tag-fr","15":"tag-france","16":"tag-hollywood","17":"tag-momie","18":"tag-movies","19":"tag-rachel-weisz","20":"tag-saga","21":"tag-serie","22":"tag-suite"},"share_on_mastodon":{"url":"https:\/\/pubeurope.com\/@fr\/115498046221646291","error":""},"_links":{"self":[{"href":"https:\/\/www.europesays.com\/fr\/wp-json\/wp\/v2\/posts\/513903","targetHints":{"allow":["GET"]}}],"collection":[{"href":"https:\/\/www.europesays.com\/fr\/wp-json\/wp\/v2\/posts"}],"about":[{"href":"https:\/\/www.europesays.com\/fr\/wp-json\/wp\/v2\/types\/post"}],"author":[{"embeddable":true,"href":"https:\/\/www.europesays.com\/fr\/wp-json\/wp\/v2\/users\/2"}],"replies":[{"embeddable":true,"href":"https:\/\/www.europesays.com\/fr\/wp-json\/wp\/v2\/comments?post=513903"}],"version-history":[{"count":0,"href":"https:\/\/www.europesays.com\/fr\/wp-json\/wp\/v2\/posts\/513903\/revisions"}],"wp:featuredmedia":[{"embeddable":true,"href":"https:\/\/www.europesays.com\/fr\/wp-json\/wp\/v2\/media\/513904"}],"wp:attachment":[{"href":"https:\/\/www.europesays.com\/fr\/wp-json\/wp\/v2\/media?parent=513903"}],"wp:term":[{"taxonomy":"category","embeddable":true,"href":"https:\/\/www.europesays.com\/fr\/wp-json\/wp\/v2\/categories?post=513903"},{"taxonomy":"post_tag","embeddable":true,"href":"https:\/\/www.europesays.com\/fr\/wp-json\/wp\/v2\/tags?post=513903"}],"curies":[{"name":"wp","href":"https:\/\/api.w.org\/{rel}","templated":true}]}}