{"id":513907,"date":"2025-11-05T16:32:11","date_gmt":"2025-11-05T16:32:11","guid":{"rendered":"https:\/\/www.europesays.com\/fr\/513907\/"},"modified":"2025-11-05T16:32:11","modified_gmt":"2025-11-05T16:32:11","slug":"pourquoi-gregory-alldritt-naffrontera-pas-lafrique-du-sud","status":"publish","type":"post","link":"https:\/\/www.europesays.com\/fr\/513907\/","title":{"rendered":"pourquoi Gr\u00e9gory Alldritt n\u2019affrontera pas l\u2019Afrique du Sud"},"content":{"rendered":"<p>\n    <strong>D\u00c9CRYPTAGE<\/strong> &#8211; Cadre des Bleus depuis cinq ans, le troisi\u00e8me-ligne rochelais, qui avait m\u00eame h\u00e9rit\u00e9 des galons de capitaine en l\u2019absence d\u2019Antoine Dupont, n\u2019est pas sur la feuille de match pour le choc explosif face aux Springboks, samedi soir. Une disgr\u00e2ce qui trouve ses racines \u00e0 l\u2019\u00e9t\u00e9 dernier.<\/p>\n<p class=\"fig-paragraph\"><a href=\"http:\/\/www.lefigaro.fr\/sports\/rugby\/xv-de-france\/j-avais-besoin-d-un-peu-d-amour-les-mots-forts-de-gregory-alldritt-apres-son-declassement-en-bleu-20251102\" target=\"_blank\" data-fig-type=\"NewsFlash\" rel=\"noopener\" data-gtm-custom-categorie=\"navigation\" data-gtm-custom-action=\"crossclick\" data-gtm-custom-label=\"Contextuel\" data-gtm-event=\"customEventSPE\" data-fig-domain=\"LEFIGARO\">Gr\u00e9gory Alldritt<\/a>, qui vient d\u2019encha\u00eener 32 titularisations avec le XV de France (depuis 2021), sorti du XV de d\u00e9part, \u00e7a interroge. D\u2019autant plus que les performances du num\u00e9ro 8 avec le Stade Rochelais depuis le d\u00e9but de la saison, correspondent plut\u00f4t \u00e0 ses standards habituels. Alors pourquoi ce d\u00e9classement\u00a0?<\/p>\n<p class=\"fig-paragraph\">L\u2019origine remonte au mois de juin dernier. Le XV de France s\u2019appr\u00eate \u00e0 partir en tourn\u00e9e en Nouvelle-Z\u00e9lande, sans ses joueurs premium, r\u00e9quisitionn\u00e9s pour les demi-finales et la finale du Top 14. Le Stade Rochelais, auteur d\u2019une saison rat\u00e9e, ne fait pas partie des qualifi\u00e9s pour le grand raout du mois de juin. C\u2019est donc logiquement que le pilier Georges-Henri Colombe, le talonneur Pierre Bourgarit ou encore l\u2019ouvreur Antoine Hastoy sont r\u00e9quisitionn\u00e9s par Fabien Galthi\u00e9.<\/p>\n<p>                                    <a class=\"fig-a11y-skip a11y-hidden\" href=\"#fig-a11y-skip-main-inarticle\"><br \/>\n        Passer la publicit\u00e9<br \/>\n    <\/a><\/p>\n<p class=\"fig-paragraph\">Mais pas Gr\u00e9gory Alldritt. Ce dernier, comme par exemple Romain Ntamack, avait fait part dans les m\u00e9dias de son envie d\u2019aller d\u00e9fier les All Blacks sur leurs terres. \u00abSi je suis s\u00e9lectionn\u00e9 pour la Nouvelle-Z\u00e9lande, je serai, comme toujours, ravi de repr\u00e9senter la France\u00bb, avait-il assur\u00e9 publiquement.<\/p>\n<p class=\"fig-body-link\">\n            \u00c0 lire aussi<br \/>\n        <a class=\"fig-body-link__link fig-premium-mark\" href=\"http:\/\/www.lefigaro.fr\/sports\/france-afrique-du-sud-pourquoi-le-quart-de-finale-de-la-coupe-du-monde-2023-fait-toujours-polemique-20251105\" target=\"_blank\" data-fig-type=\"Article\" rel=\"noopener\" data-gtm-custom-categorie=\"navigation\" data-gtm-custom-action=\"crossclick\" data-gtm-custom-label=\"Contextuel\" data-gtm-event=\"customEventSPE\" data-fig-domain=\"LEFIGARO\"><\/p>\n<p>        France-Afrique du Sud\u00a0: pourquoi le quart de finale de la Coupe du monde 2023 fait toujours pol\u00e9mique<br \/>\n    <\/a>\n<\/p>\n<p class=\"fig-paragraph\">Fort de cette d\u00e9claration d\u2019intention, la FFR avait n\u00e9goci\u00e9 avec la LNR pour pouvoir emmener cinq joueurs dits premium pour ce long voyage. Un appel auquel avaient r\u00e9pondu Ga\u00ebl Fickou, promu capitaine pour les trois tests, son co\u00e9quipier du Racing 92 Nolann Le Garrec, le Toulonnais Gabin Villi\u00e8re ou encore Pierre-Louis Barassi. Mais pas Gr\u00e9gory Alldritt qui, sollicit\u00e9, avait finalement fait part \u00e0 Fabien Galthi\u00e9 de sa pr\u00e9f\u00e9rence d\u2019\u00eatre exempt\u00e9 pour pouvoir se reposer puis effectuer au mieux sa pr\u00e9paration physique pour la saison suivante.<\/p>\n<p class=\"fig-paragraph\">Une attitude qui a fait grincer c\u00f4t\u00e9 Fabien Galthi\u00e9. Et comme son rempla\u00e7ant au centre de la troisi\u00e8me ligne tricolore, le Lyonnais Micka\u00ebl Guillard, a livr\u00e9 deux prestations de haut vol, \u00e9tant d\u00e9sign\u00e9 \u00e0 chaque fois joueur du match par le staff tricolore, le sort d\u2019Alldritt \u00e9tait scell\u00e9.<\/p>\n<p class=\"fig-paragraph\">Il est ainsi notable que Fickou, Le Garrec et Barassi sont titulaires face aux Springboks, Que les piliers R\u00e9gis Montagne et Baptiste Erdocio ont marqu\u00e9 des points en Nouvelle-Z\u00e9lande ce qui leur vaut de d\u00e9buter samedi face aux doubles champions du monde sud-africains. Et que, sur le banc, prennent place Hugo Auradou et Romain Taofifenua, qui \u00e9taient du voyage estival. Gr\u00e9gory Alldritt, lui, sort de la feuille de match, pas retenu parmi les 23 Bleus\u2026<\/p>\n","protected":false},"excerpt":{"rendered":"D\u00c9CRYPTAGE &#8211; Cadre des Bleus depuis cinq ans, le troisi\u00e8me-ligne rochelais, qui avait m\u00eame h\u00e9rit\u00e9 des galons de&hellip;\n","protected":false},"author":2,"featured_media":513908,"comment_status":"","ping_status":"","sticky":false,"template":"","format":"standard","meta":{"footnotes":""},"categories":[9],"tags":[1011,27,15153,60],"class_list":{"0":"post-513907","1":"post","2":"type-post","3":"status-publish","4":"format-standard","5":"has-post-thumbnail","7":"category-sports","8":"tag-fr","9":"tag-france","10":"tag-gregory-alldritt","11":"tag-sports"},"share_on_mastodon":{"url":"https:\/\/pubeurope.com\/@fr\/115498054389447993","error":""},"_links":{"self":[{"href":"https:\/\/www.europesays.com\/fr\/wp-json\/wp\/v2\/posts\/513907","targetHints":{"allow":["GET"]}}],"collection":[{"href":"https:\/\/www.europesays.com\/fr\/wp-json\/wp\/v2\/posts"}],"about":[{"href":"https:\/\/www.europesays.com\/fr\/wp-json\/wp\/v2\/types\/post"}],"author":[{"embeddable":true,"href":"https:\/\/www.europesays.com\/fr\/wp-json\/wp\/v2\/users\/2"}],"replies":[{"embeddable":true,"href":"https:\/\/www.europesays.com\/fr\/wp-json\/wp\/v2\/comments?post=513907"}],"version-history":[{"count":0,"href":"https:\/\/www.europesays.com\/fr\/wp-json\/wp\/v2\/posts\/513907\/revisions"}],"wp:featuredmedia":[{"embeddable":true,"href":"https:\/\/www.europesays.com\/fr\/wp-json\/wp\/v2\/media\/513908"}],"wp:attachment":[{"href":"https:\/\/www.europesays.com\/fr\/wp-json\/wp\/v2\/media?parent=513907"}],"wp:term":[{"taxonomy":"category","embeddable":true,"href":"https:\/\/www.europesays.com\/fr\/wp-json\/wp\/v2\/categories?post=513907"},{"taxonomy":"post_tag","embeddable":true,"href":"https:\/\/www.europesays.com\/fr\/wp-json\/wp\/v2\/tags?post=513907"}],"curies":[{"name":"wp","href":"https:\/\/api.w.org\/{rel}","templated":true}]}}