{"id":513915,"date":"2025-11-05T16:36:13","date_gmt":"2025-11-05T16:36:13","guid":{"rendered":"https:\/\/www.europesays.com\/fr\/513915\/"},"modified":"2025-11-05T16:36:13","modified_gmt":"2025-11-05T16:36:13","slug":"en-reaction-aux-propos-de-donald-trump-vladimir-poutine-envisage-de-reprendre-les-essais-nucleaires-russes","status":"publish","type":"post","link":"https:\/\/www.europesays.com\/fr\/513915\/","title":{"rendered":"En r\u00e9action aux propos de Donald Trump, Vladimir Poutine envisage de reprendre les essais nucl\u00e9aires russes"},"content":{"rendered":"<p>\n    Le pr\u00e9sident russe demande aux instances comp\u00e9tentes de se pr\u00e9parer \u00absur le lancement \u00e9ventuel de travaux pr\u00e9paratoires en vue d\u2019essais nucl\u00e9aires\u00bb.<\/p>\n<p class=\"fig-paragraph\">Le pr\u00e9sident\u00a0<a href=\"http:\/\/www.lefigaro.fr\/international\/une-arme-de-fin-du-monde-vladimir-poutine-vante-les-merites-de-son-supermissile-bourevestnik-20251027\" target=\"_blank\" data-fig-type=\"Article\" rel=\"noopener\" data-gtm-custom-categorie=\"navigation\" data-gtm-custom-action=\"crossclick\" data-gtm-custom-label=\"Contextuel\" data-gtm-event=\"customEventSPE\" data-fig-domain=\"LEFIGARO\">Vladimir Poutine<\/a>\u00a0envisage de reprendre les essais\u00a0<a href=\"http:\/\/www.lefigaro.fr\/international\/il-n-existe-aucun-moyen-de-l-intercepter-vladimir-poutine-affirme-que-la-russie-a-teste-un-drone-sous-marin-a-capacite-nucleaire-20251029\" target=\"_blank\" data-fig-type=\"NewsFlash\" rel=\"noopener\" data-gtm-custom-categorie=\"navigation\" data-gtm-custom-action=\"crossclick\" data-gtm-custom-label=\"Contextuel\" data-gtm-event=\"customEventSPE\" data-fig-domain=\"LEFIGARO\">nucl\u00e9aires<\/a>\u00a0russes si les \u00c9tats-Unis faisaient de m\u00eame a-t-il affirm\u00e9 mercredi 5 novembre, apr\u00e8s les propos de son homologue\u00a0<a href=\"http:\/\/www.lefigaro.fr\/international\/pour-donald-trump-le-blocage-budgetaire-le-plus-long-de-l-histoire-du-pays-est-la-faute-des-democrates-kamizazes-20251105\" target=\"_blank\" data-fig-type=\"NewsFlash\" rel=\"noopener\" data-gtm-custom-categorie=\"navigation\" data-gtm-custom-action=\"crossclick\" data-gtm-custom-label=\"Contextuel\" data-gtm-event=\"customEventSPE\" data-fig-domain=\"LEFIGARO\">Donald Trump<\/a>\u00a0qui a ordonn\u00e9 au Pentagone de \u00abcommencer \u00e0 tester\u00bb les armes nucl\u00e9aires am\u00e9ricaines. Lors d\u2019une r\u00e9union de son Conseil de s\u00e9curit\u00e9, Vladimir Poutine a charg\u00e9 les instances comp\u00e9tentes de \u00abtout mettre en \u0153uvre pour recueillir des informations suppl\u00e9mentaires sur cette question (&#8230;) et de pr\u00e9senter des propositions concert\u00e9es sur le lancement \u00e9ventuel de travaux pr\u00e9paratoires en vue d\u2019essais nucl\u00e9aires\u00bb, selon des propos retransmis \u00e0 la t\u00e9l\u00e9vision.<\/p>\n<p class=\"fig-paragraph\">Vladimir Poutine a qualifi\u00e9 de \u00abquestion s\u00e9rieuse\u00bb les d\u00e9clarations de Donald Trump, qui a assur\u00e9 que les \u00c9tats-Unis allaient \u00abfaire des essais parce que d\u2019autres font des essais\u00bb, tout en restant flou sur la d\u00e9tonation m\u00eame de charge nucl\u00e9aire, que les \u00c9tats-Unis n\u2019ont plus pratiqu\u00e9e depuis 1992. Le dernier essai nucl\u00e9aire de Moscou date de 1990, peu avant la chute de l\u2019URSS. La Russie teste cependant r\u00e9guli\u00e8rement, comme d\u2019autres pays, des vecteurs non porteurs de charge nucl\u00e9aire, dont r\u00e9cemment le drone sous-marin Pos\u00e9idon et le missile Bourevestnik.<\/p>\n<p>                                    <a class=\"fig-a11y-skip a11y-hidden\" href=\"#fig-a11y-skip-main-inarticle\"><br \/>\n        Passer la publicit\u00e9<br \/>\n    <\/a><\/p>\n<p class=\"fig-paragraph\">Vladimir Poutine a assur\u00e9 mercredi que la Russie \u00aba toujours respect\u00e9 scrupuleusement ses obligations au titre du Trait\u00e9 d\u2019interdiction compl\u00e8te des essais nucl\u00e9aires\u00bb, mais que \u00absi les \u00c9tats-Unis ou d\u2019autres \u00c9tats parties au Trait\u00e9 proc\u00e9daient \u00e0 de tels essais, la Russie serait contrainte de prendre des mesures de r\u00e9torsion appropri\u00e9es\u00bb.<\/p>\n<p><strong>Des essais nucl\u00e9aires en Arctique\u00a0?<\/strong><\/p>\n<p class=\"fig-paragraph\">Le ministre russe de la D\u00e9fense, Andre\u00ef Belooussov, a de son c\u00f4t\u00e9 dit \u00abconsid\u00e9rer qu\u2019il est appropri\u00e9 de commencer imm\u00e9diatement la pr\u00e9paration d\u2019essais nucl\u00e9aires \u00e0 grande \u00e9chelle\u00bb, citant l\u2019archipel de la Nouvelle-Zemble dans l\u2019Arctique comme un terrain d\u2019essai potentiel. Selon lui, les plans am\u00e9ricains \u00abaugmentent consid\u00e9rablement le niveau de menace militaire pour la Russie\u00bb. \u00abNous devons maintenir notre potentiel nucl\u00e9aire afin de rester pr\u00eats \u00e0 infliger des dommages inacceptables \u00e0 l\u2019ennemi en toutes circonstances\u00bb, a-t-il ajout\u00e9.<\/p>\n<p class=\"fig-paragraph\">Le chef des services de renseignement ext\u00e9rieurs russes (SVR), Sergue\u00ef Narychkine, a lui indiqu\u00e9 que les diplomates russes avaient demand\u00e9 \u00e0 leurs homologues am\u00e9ricains de \u00abclarifier la teneur de ces d\u00e9clarations tr\u00e8s m\u00e9diatis\u00e9es du pr\u00e9sident am\u00e9ricain Donald Trump\u00bb sur le nucl\u00e9aire.<\/p>\n","protected":false},"excerpt":{"rendered":"Le pr\u00e9sident russe demande aux instances comp\u00e9tentes de se pr\u00e9parer \u00absur le lancement \u00e9ventuel de travaux pr\u00e9paratoires en&hellip;\n","protected":false},"author":2,"featured_media":513916,"comment_status":"","ping_status":"","sticky":false,"template":"","format":"standard","meta":{"footnotes":""},"categories":[5],"tags":[11,75,32271,1011,27,14,12,135,28],"class_list":{"0":"post-513915","1":"post","2":"type-post","3":"status-publish","4":"format-standard","5":"has-post-thumbnail","7":"category-international","8":"tag-actualites","9":"tag-donald-trump","10":"tag-essais-nucleaires","11":"tag-fr","12":"tag-france","13":"tag-international","14":"tag-news","15":"tag-vladimir-poutine","16":"tag-world"},"share_on_mastodon":{"url":"https:\/\/pubeurope.com\/@fr\/115498069909167013","error":""},"_links":{"self":[{"href":"https:\/\/www.europesays.com\/fr\/wp-json\/wp\/v2\/posts\/513915","targetHints":{"allow":["GET"]}}],"collection":[{"href":"https:\/\/www.europesays.com\/fr\/wp-json\/wp\/v2\/posts"}],"about":[{"href":"https:\/\/www.europesays.com\/fr\/wp-json\/wp\/v2\/types\/post"}],"author":[{"embeddable":true,"href":"https:\/\/www.europesays.com\/fr\/wp-json\/wp\/v2\/users\/2"}],"replies":[{"embeddable":true,"href":"https:\/\/www.europesays.com\/fr\/wp-json\/wp\/v2\/comments?post=513915"}],"version-history":[{"count":0,"href":"https:\/\/www.europesays.com\/fr\/wp-json\/wp\/v2\/posts\/513915\/revisions"}],"wp:featuredmedia":[{"embeddable":true,"href":"https:\/\/www.europesays.com\/fr\/wp-json\/wp\/v2\/media\/513916"}],"wp:attachment":[{"href":"https:\/\/www.europesays.com\/fr\/wp-json\/wp\/v2\/media?parent=513915"}],"wp:term":[{"taxonomy":"category","embeddable":true,"href":"https:\/\/www.europesays.com\/fr\/wp-json\/wp\/v2\/categories?post=513915"},{"taxonomy":"post_tag","embeddable":true,"href":"https:\/\/www.europesays.com\/fr\/wp-json\/wp\/v2\/tags?post=513915"}],"curies":[{"name":"wp","href":"https:\/\/api.w.org\/{rel}","templated":true}]}}