{"id":513917,"date":"2025-11-05T16:37:15","date_gmt":"2025-11-05T16:37:15","guid":{"rendered":"https:\/\/www.europesays.com\/fr\/513917\/"},"modified":"2025-11-05T16:37:15","modified_gmt":"2025-11-05T16:37:15","slug":"mahdieh-esfandiari-liranienne-dont-le-sort-joue-sur-lavenir-de-cecile-kohler-et-jacques-paris","status":"publish","type":"post","link":"https:\/\/www.europesays.com\/fr\/513917\/","title":{"rendered":"Mahdieh Esfandiari, l\u2019Iranienne dont le sort joue sur l\u2019avenir de C\u00e9cile Kohler et Jacques Paris"},"content":{"rendered":"<p>        <img decoding=\"async\" loading=\"lazy\" src=\"https:\/\/www.europesays.com\/fr\/wp-content\/uploads\/2025\/11\/8ee17dc_upload-1-js3yipvmmcrt-afp-20251021-79j28rc-v2-midres-iranfrancerightsdiplomacyprotest.jpg\"  width=\"728\" height=\"728\" alt=\"C\u00e9cile Kohler et Jacques Paris lib\u00e9r\u00e9s en Iran, qui est Mahdieh Esfandiari dont l\u2019avenir est li\u00e9 aux leurs (Manifestation le 21\u00a0octobre 2025\u00a0devant l\u2019ambassade de France en Iran pour la lib\u00e9ration de Mahdieh Esfandiari)\"\/>  <\/p>\n<p>ATTA KENARE \/ AFP<\/p>\n<p>C\u00e9cile Kohler et Jacques Paris lib\u00e9r\u00e9s en Iran, qui est Mahdieh Esfandiari dont l\u2019avenir est li\u00e9 aux leurs (Manifestation le 21\u00a0octobre 2025\u00a0devant l\u2019ambassade de France en Iran pour la lib\u00e9ration de Mahdieh Esfandiari)<\/p>\n<p>      <strong>EN BREF<\/strong> <strong>\u2022 <\/strong>L\u2019Iranienne Mahdieh Esfandiari, accus\u00e9e d\u2019apologie du terrorisme sera jug\u00e9e en janvier\u00a02026 en France.<br \/><strong>\u2022 <\/strong>En d\u00e9tention provisoire depuis plusieurs mois, elle a \u00e9t\u00e9 lib\u00e9r\u00e9e et plac\u00e9e sous contr\u00f4le judiciaire il y a quelques jours.<br \/><strong>\u2022 <\/strong>Au lendemain de la lib\u00e9ration \u00e0 T\u00e9h\u00e9ran\u00a0de C\u00e9cile Kohler et Jacques Paris, elle a \u00e9t\u00e9 remise aux autorit\u00e9s iraniennes en France.                         <\/p>\n<p class=\"asset asset-text\">DIPLOMATIE &#8211; Deux Fran\u00e7ais et une Iranienne dans la balance. <a href=\"https:\/\/www.huffingtonpost.fr\/international\/video\/l-emotion-des-parents-de-cecile-kohler-apres-la-sortie-de-prison-de-leur-fille-les-larmes-coulent_256780.html\" target=\"_blank\" rel=\"noopener\">C\u00e9cile Kohler et Jacques Paris <\/a>sont sortis de prison sous caution et sont actuellement en \u00ab\u00a0libert\u00e9 conditionnelle\u00a0\u00bb \u00e0 l\u2019ambassade de France en Iran, \u00ab\u00a0dans<a href=\"https:\/\/www.huffingtonpost.fr\/international\/article\/l-ambassadeur-de-france-en-iran-donne-des-nouvelles-de-cecile-kohler-et-jacques-paris_256787.html\" target=\"_blank\" rel=\"noopener\"> l\u2019attente de leur lib\u00e9ration<\/a> d\u00e9finitive\u00a0\u00bb, a annonc\u00e9 Jean-No\u00ebl Barrot. On ne sait pas encore quand est-ce qu\u2019ils vont pouvoir rentrer en France, mais ce mercredi 5\u00a0novembre, leur sort para\u00eet \u00e9troitement li\u00e9 \u00e0 celui de l\u2019Iranienne Mahdieh Esfandiari.<\/p>\n<p class=\"asset asset-text\">Cette derni\u00e8re, poursuivie en France pour avoir fait l\u2019apologie du terrorisme, a obtenu le 22\u00a0octobre sa lib\u00e9ration sous contr\u00f4le judiciaire jusqu\u2019\u00e0 son proc\u00e8s \u00e0 Paris en janvier. Ce mercredi matin, elle a \u00e9t\u00e9 transf\u00e9r\u00e9e \u00e0 l\u2019ambassade d\u2019Iran \u00e0 Paris. \u00ab\u00a0Notre citoyenne en France, Mme\u00a0Esfandiari, est \u00e0 pr\u00e9sent libre, elle se trouve dans notre ambassade et nous esp\u00e9rons qu\u2019elle rentrera quand son proc\u00e8s sera achev\u00e9\u00a0\u00bb, a d\u00e9clar\u00e9 dans la foul\u00e9e le chef de la diplomatie iranienne Abbas Araghchi.<\/p>\n<p class=\"asset asset-text\">T\u00e9h\u00e9ran, qui estime qu\u2019elle a \u00e9t\u00e9 injustement d\u00e9tenue, avait rendu publique en septembre la possibilit\u00e9 d\u2019un accord de<a href=\"https:\/\/www.huffingtonpost.fr\/international\/article\/cecile-kohler-et-jacques-paris-lourdement-condamnes-en-iran-l-inquietude-de-leurs-proches-pour-leur-survie_256071.html\" target=\"_blank\" rel=\"noopener\"> lib\u00e9ration\u00a0de C\u00e9cile Kohler et Jacques Paris <\/a>en \u00e9change de celle de l\u2019Iranienne.<\/p>\n<p>                     Esfandiari sera jug\u00e9e en janvier    <\/p>\n<p class=\"asset asset-text\">Pour l\u2019instant, Mahdieh Esfandiari n\u2019a pas le droit de quitter le territoire fran\u00e7ais, jusqu\u2019\u00e0 son proc\u00e8s pr\u00e9vu en janvier\u00a02026 devant le tribunal correctionnel de Paris. Son contr\u00f4le judiciaire pr\u00e9voit notamment, selon le parquet, une \u00ab\u00a0obligation de pointer au commissariat\u00a0\u00bb et une \u00ab\u00a0interdiction des r\u00e9seaux sociaux\u00a0\u00bb sur lesquels elle est suspect\u00e9e d\u2019avoir fait l\u2019apologie du terrorisme.<\/p>\n<p class=\"asset asset-text\">En janvier, elle devra r\u00e9pondre d\u2019apologie et de provocation au terrorisme en ligne ainsi que d\u2019injure raciste et d\u2019association de malfaiteurs, dans le cadre d\u2019une enqu\u00eate ouverte il y a deux ans autour de comptes Telegram intitul\u00e9s \u00ab\u00a0Axe de la r\u00e9sistance\u00a0\u00bb. Elle a donn\u00e9 lieu \u00e0 l\u2019ouverture d\u2019une information judiciaire, un an plus tard.<\/p>\n<p class=\"asset asset-text\">Ces contenus, d\u00e9clin\u00e9s aussi en \u00e9mission sur internet, avaient \u00e9t\u00e9 signal\u00e9s comme \u00ab\u00a0faisant l\u2019apologie des attentats commis en Isra\u00ebl le 7\u00a0octobre\u00a02023, provoquant \u00e0 des actes de terrorisme et injuriant la communaut\u00e9 juive\u00a0\u00bb, a rapport\u00e9 le parquet.<\/p>\n<p>                     Apologie du terrorisme    <\/p>\n<p class=\"asset asset-text\">Mahdieh Esfandiari a \u00e9t\u00e9 interpell\u00e9e le 28\u00a0f\u00e9vrier\u00a02025 \u00e0 Villeurbanne (Rh\u00f4ne). La justice la suspecte d\u2019avoir aliment\u00e9 l\u2019un de ses co-pr\u00e9venus \u00ab\u00a0en contenus \u00e0 diffuser, et en conseils de prudence\u00a0sur l\u2019anonymat et les transferts d\u2019argent en cryptomonnaies\u00a0\u00bb.<\/p>\n<p class=\"asset asset-text\">En perquisition, \u00ab\u00a0ont \u00e9t\u00e9 retrouv\u00e9s des livres sur le r\u00e9gime iranien, ainsi que notamment plus de 2000 euros en liquide\u00a0\u00bb chez cette femme de 39\u00a0ans, n\u00e9e en Iran, et arriv\u00e9e en France apr\u00e8s ses 20\u00a0ans. \u00ab\u00a0Apr\u00e8s avoir effectu\u00e9 des gardes d\u2019enfants et fond\u00e9 une entreprise de traduction, interpr\u00e9tariat et enseignement, elle semblait envisager de retourner dans son pays natal\u00a0\u00bb, retrace le parquet. Quatre autres personnes doivent \u00eatre jug\u00e9es aux c\u00f4t\u00e9s de Mahdieh Esfandiari en janvier, soup\u00e7onn\u00e9es d\u2019\u00eatre impliqu\u00e9es \u00e0 diff\u00e9rents degr\u00e9s dans l\u2019administration ou la publication de ces contenus faisant l\u2019apologie du terrorisme.<\/p>\n<p class=\"asset asset-text\">Du c\u00f4t\u00e9 des deux Fran\u00e7ais, <a href=\"https:\/\/www.huffingtonpost.fr\/international\/article\/cecile-kohler-detenue-en-iran-est-a-bout-de-forces-dit-son-comite-de-soutien_254792.html\" target=\"_blank\" rel=\"noopener\">apr\u00e8s trois ans et demi d\u2019\u00e9prouvante d\u00e9tention<\/a>, il n\u2019y a pas encore \u00ab\u00a0de certitude sur le moment o\u00f9\u00a0\u00bb la lib\u00e9ration d\u00e9finitive de C\u00e9cile Kohler et Jacques Paris interviendrait, a dit le\u00a0ministre fran\u00e7ais des Affaires \u00e9trang\u00e8res Jean-No\u00ebl Barrot. \u00ab\u00a0Mais nous n\u2019allons m\u00e9nager aucun effort pour obtenir leur retour en France dans les meilleurs d\u00e9lais\u00a0\u00bb, a-t-il promis.\u00a0Leur sortie de prison \u00ab\u00a0n\u2019est qu\u2019une \u00e9tape, et nous allons continuer \u00e0 nous mobiliser sans rel\u00e2che pour obtenir leur lib\u00e9ration d\u00e9finitive\u00a0\u00bb. Peut-\u00eatre devront-ils attendre que Mahdieh Esfandiari recouvre sa libert\u00e9 en janvier, avant de recouvrer la leur.<\/p>\n","protected":false},"excerpt":{"rendered":"ATTA KENARE \/ AFP C\u00e9cile Kohler et Jacques Paris lib\u00e9r\u00e9s en Iran, qui est Mahdieh Esfandiari dont l\u2019avenir&hellip;\n","protected":false},"author":2,"featured_media":513918,"comment_status":"","ping_status":"","sticky":false,"template":"","format":"standard","meta":{"footnotes":""},"categories":[4],"tags":[11,312,1011,27,14,3019,12,35212,25],"class_list":{"0":"post-513917","1":"post","2":"type-post","3":"status-publish","4":"format-standard","5":"has-post-thumbnail","7":"category-france","8":"tag-actualites","9":"tag-diplomatie","10":"tag-fr","11":"tag-france","12":"tag-international","13":"tag-iran","14":"tag-news","15":"tag-otages-francais","16":"tag-republique-francaise"},"share_on_mastodon":{"url":"https:\/\/pubeurope.com\/@fr\/115498074754947578","error":""},"_links":{"self":[{"href":"https:\/\/www.europesays.com\/fr\/wp-json\/wp\/v2\/posts\/513917","targetHints":{"allow":["GET"]}}],"collection":[{"href":"https:\/\/www.europesays.com\/fr\/wp-json\/wp\/v2\/posts"}],"about":[{"href":"https:\/\/www.europesays.com\/fr\/wp-json\/wp\/v2\/types\/post"}],"author":[{"embeddable":true,"href":"https:\/\/www.europesays.com\/fr\/wp-json\/wp\/v2\/users\/2"}],"replies":[{"embeddable":true,"href":"https:\/\/www.europesays.com\/fr\/wp-json\/wp\/v2\/comments?post=513917"}],"version-history":[{"count":0,"href":"https:\/\/www.europesays.com\/fr\/wp-json\/wp\/v2\/posts\/513917\/revisions"}],"wp:featuredmedia":[{"embeddable":true,"href":"https:\/\/www.europesays.com\/fr\/wp-json\/wp\/v2\/media\/513918"}],"wp:attachment":[{"href":"https:\/\/www.europesays.com\/fr\/wp-json\/wp\/v2\/media?parent=513917"}],"wp:term":[{"taxonomy":"category","embeddable":true,"href":"https:\/\/www.europesays.com\/fr\/wp-json\/wp\/v2\/categories?post=513917"},{"taxonomy":"post_tag","embeddable":true,"href":"https:\/\/www.europesays.com\/fr\/wp-json\/wp\/v2\/tags?post=513917"}],"curies":[{"name":"wp","href":"https:\/\/api.w.org\/{rel}","templated":true}]}}