{"id":513921,"date":"2025-11-05T16:39:14","date_gmt":"2025-11-05T16:39:14","guid":{"rendered":"https:\/\/www.europesays.com\/fr\/513921\/"},"modified":"2025-11-05T16:39:14","modified_gmt":"2025-11-05T16:39:14","slug":"le-chambon-feugerolles-ils-ont-rejoint-la-fnaca-pour-faire-vivre-la-memoire-des-anciens-combattants","status":"publish","type":"post","link":"https:\/\/www.europesays.com\/fr\/513921\/","title":{"rendered":"Le Chambon-Feugerolles. Ils ont rejoint la Fnaca pour faire vivre la m\u00e9moire des anciens combattants"},"content":{"rendered":"<p>Autrefois les associations d\u2019anciens combattants \u00e9taient multiples au Chambon-Feugerolles. Ceux qui avaient surv\u00e9cu \u00e0 la Grande Guerre se retrouvaient pour se soutenir et surtout honorer la m\u00e9moire de tous ceux qui \u00e9taient morts aux combats. De m\u00eame pour les anciens prisonniers et soldats de la Seconde Guerre mondiale.<\/p>\n<p>La Fnaca (F\u00e9d\u00e9ration nationale des anciens combattants en Alg\u00e9rie, Maroc et Tunisie) a trouv\u00e9 toute sa place \u00e0 leurs c\u00f4t\u00e9s dans les ann\u00e9es 1960. Mais les ann\u00e9es passant, les v\u00e9t\u00e9rans des deux guerres mondiales ont disparu, et le nombre d\u2019adh\u00e9rents diminue aussi \u00e0 la Fnaca.<\/p>\n<p>Le devoir de faire vivre la m\u00e9moire des hommes tomb\u00e9s aux&#8230;                        <\/p>\n","protected":false},"excerpt":{"rendered":"Autrefois les associations d\u2019anciens combattants \u00e9taient multiples au Chambon-Feugerolles. Ceux qui avaient surv\u00e9cu \u00e0 la Grande Guerre se&hellip;\n","protected":false},"author":2,"featured_media":513922,"comment_status":"","ping_status":"","sticky":false,"template":"","format":"standard","meta":{"footnotes":""},"categories":[9653],"tags":[1111,11,2430,12162,7539,1777,674,1011,27,12161,12,25,4001,104,1631],"class_list":{"0":"post-513921","1":"post","2":"type-post","3":"status-publish","4":"format-standard","5":"has-post-thumbnail","7":"category-saint-etienne","8":"tag-actu","9":"tag-actualites","10":"tag-auvergne-rhone-alpes","11":"tag-chambon-feugerolles-ville","12":"tag-edition-loire-sud","13":"tag-eu","14":"tag-europe","15":"tag-fr","16":"tag-france","17":"tag-le-chambon-feugerolles","18":"tag-news","19":"tag-republique-francaise","20":"tag-saint-etienne","21":"tag-societe","22":"tag-vie-associative"},"share_on_mastodon":{"url":"https:\/\/pubeurope.com\/@fr\/115498081604682315","error":""},"_links":{"self":[{"href":"https:\/\/www.europesays.com\/fr\/wp-json\/wp\/v2\/posts\/513921","targetHints":{"allow":["GET"]}}],"collection":[{"href":"https:\/\/www.europesays.com\/fr\/wp-json\/wp\/v2\/posts"}],"about":[{"href":"https:\/\/www.europesays.com\/fr\/wp-json\/wp\/v2\/types\/post"}],"author":[{"embeddable":true,"href":"https:\/\/www.europesays.com\/fr\/wp-json\/wp\/v2\/users\/2"}],"replies":[{"embeddable":true,"href":"https:\/\/www.europesays.com\/fr\/wp-json\/wp\/v2\/comments?post=513921"}],"version-history":[{"count":0,"href":"https:\/\/www.europesays.com\/fr\/wp-json\/wp\/v2\/posts\/513921\/revisions"}],"wp:featuredmedia":[{"embeddable":true,"href":"https:\/\/www.europesays.com\/fr\/wp-json\/wp\/v2\/media\/513922"}],"wp:attachment":[{"href":"https:\/\/www.europesays.com\/fr\/wp-json\/wp\/v2\/media?parent=513921"}],"wp:term":[{"taxonomy":"category","embeddable":true,"href":"https:\/\/www.europesays.com\/fr\/wp-json\/wp\/v2\/categories?post=513921"},{"taxonomy":"post_tag","embeddable":true,"href":"https:\/\/www.europesays.com\/fr\/wp-json\/wp\/v2\/tags?post=513921"}],"curies":[{"name":"wp","href":"https:\/\/api.w.org\/{rel}","templated":true}]}}