{"id":513927,"date":"2025-11-05T16:42:13","date_gmt":"2025-11-05T16:42:13","guid":{"rendered":"https:\/\/www.europesays.com\/fr\/513927\/"},"modified":"2025-11-05T16:42:13","modified_gmt":"2025-11-05T16:42:13","slug":"un-ancien-employe-cambriole-une-salle-de-concert-et-emmene-son-fils-de-16-ans-avec-lui","status":"publish","type":"post","link":"https:\/\/www.europesays.com\/fr\/513927\/","title":{"rendered":"un ancien employ\u00e9 cambriole une salle de concert et emm\u00e8ne son fils de 16 ans avec lui"},"content":{"rendered":"<p>            Par<br \/>\n        <strong><br \/>\n            <a href=\"https:\/\/actu.fr\/auteur\/amandine-mehl\" title=\"Consulter tous les articles de Amandine Mehl\" rel=\"nofollow noopener\" target=\"_blank\">Amandine Mehl<\/a><br \/>\n        <\/strong><\/p>\n<p>        Publi\u00e9 le<\/p>\n<p>            5 nov. 2025 \u00e0 17h25        <\/p>\n<p>Mardi 4 novembre 2025, <strong>un homme \u00e2g\u00e9 de 51 ans et son fils de 16 ans<\/strong> ont \u00e9t\u00e9 interpell\u00e9s \u00e0 leur domicile \u00e0 Dombasle-sur-Meurthe.\u00a0<\/p>\n<p class=\" wall-content\">Ils sont suspect\u00e9s d\u2019avoir <strong>commis un vol<\/strong> au sein de la salle de concert <strong>L\u2019Autre Canal<\/strong>, \u00e0 Nancy.<\/p>\n<p>Le p\u00e8re de famille avait les cl\u00e9s<\/p>\n<p class=\" wall-content\">Les faits se sont d\u00e9roul\u00e9s mardi 28 septembre, peu avant minuit. Les deux hommes sont entr\u00e9s <strong>cagoul\u00e9s<\/strong> dans la salle. Aucune effraction n\u2019a \u00e9t\u00e9 commise puisque le p\u00e8re de famille, <strong>ancien employ\u00e9<\/strong>, avait les cl\u00e9s.<\/p>\n<p class=\" wall-content\">Les deux individus ont subtilis\u00e9 une <strong>trentaine de bouteilles d\u2019alcool<\/strong>, des <strong>accessoires de musique<\/strong> et <strong>400 euros<\/strong>.<\/p>\n<p>Le p\u00e8re de famille reconnu \u00e0 sa d\u00e9marche et \u00e0 sa voix<\/p>\n<p class=\" wall-content\">Le port de la cagoule n\u2019a pas suffi puisque le quinquag\u00e9naire a \u00e9t\u00e9 <strong>reconnu sur des vid\u00e9os \u00e0 sa d\u00e9marche et \u00e0 sa voix<\/strong>.<\/p>\n<p class=\" wall-content\">Plac\u00e9s en garde \u00e0 vue, les deux individus devront r\u00e9pondre de leurs actes dans le cadre d\u2019une <strong>convocation par officier de police judiciaire<\/strong>.<\/p>\n<p class=\" wall-content\">Personnalisez votre actualit\u00e9 en ajoutant vos villes et m\u00e9dias en favori avec <a href=\"https:\/\/moncompte.actu.fr\" title=\"D\u00e9couvez Mon Actu\" rel=\"nofollow noopener\" data-trk=\"{&quot;cta&quot;:{&quot;action&quot;:&quot;https:\\\/\\\/moncompte.actu.fr&quot;,&quot;category&quot;:&quot;mon compte&quot;,&quot;from&quot;:&quot;article footer&quot;,&quot;name&quot;:&quot;Mon actu&quot;,&quot;type&quot;:&quot;cta&quot;}}\" target=\"_blank\">Mon Actu<\/a>.<\/p>\n","protected":false},"excerpt":{"rendered":"Par Amandine Mehl Publi\u00e9 le 5 nov. 2025 \u00e0 17h25 Mardi 4 novembre 2025, un homme \u00e2g\u00e9 de&hellip;\n","protected":false},"author":2,"featured_media":513928,"comment_status":"","ping_status":"","sticky":false,"template":"","format":"standard","meta":{"footnotes":""},"categories":[9635],"tags":[1111,11,1777,674,118,1011,27,775,1702,12,1072,25],"class_list":{"0":"post-513927","1":"post","2":"type-post","3":"status-publish","4":"format-standard","5":"has-post-thumbnail","7":"category-nancy","8":"tag-actu","9":"tag-actualites","10":"tag-eu","11":"tag-europe","12":"tag-faits-divers","13":"tag-fr","14":"tag-france","15":"tag-grand-est","16":"tag-nancy","17":"tag-news","18":"tag-police","19":"tag-republique-francaise"},"share_on_mastodon":{"url":"https:\/\/pubeurope.com\/@fr\/115498093625875358","error":""},"_links":{"self":[{"href":"https:\/\/www.europesays.com\/fr\/wp-json\/wp\/v2\/posts\/513927","targetHints":{"allow":["GET"]}}],"collection":[{"href":"https:\/\/www.europesays.com\/fr\/wp-json\/wp\/v2\/posts"}],"about":[{"href":"https:\/\/www.europesays.com\/fr\/wp-json\/wp\/v2\/types\/post"}],"author":[{"embeddable":true,"href":"https:\/\/www.europesays.com\/fr\/wp-json\/wp\/v2\/users\/2"}],"replies":[{"embeddable":true,"href":"https:\/\/www.europesays.com\/fr\/wp-json\/wp\/v2\/comments?post=513927"}],"version-history":[{"count":0,"href":"https:\/\/www.europesays.com\/fr\/wp-json\/wp\/v2\/posts\/513927\/revisions"}],"wp:featuredmedia":[{"embeddable":true,"href":"https:\/\/www.europesays.com\/fr\/wp-json\/wp\/v2\/media\/513928"}],"wp:attachment":[{"href":"https:\/\/www.europesays.com\/fr\/wp-json\/wp\/v2\/media?parent=513927"}],"wp:term":[{"taxonomy":"category","embeddable":true,"href":"https:\/\/www.europesays.com\/fr\/wp-json\/wp\/v2\/categories?post=513927"},{"taxonomy":"post_tag","embeddable":true,"href":"https:\/\/www.europesays.com\/fr\/wp-json\/wp\/v2\/tags?post=513927"}],"curies":[{"name":"wp","href":"https:\/\/api.w.org\/{rel}","templated":true}]}}