{"id":51394,"date":"2025-04-25T09:20:08","date_gmt":"2025-04-25T09:20:08","guid":{"rendered":"https:\/\/www.europesays.com\/fr\/51394\/"},"modified":"2025-04-25T09:20:08","modified_gmt":"2025-04-25T09:20:08","slug":"ses-recherches-font-avancer-la-lutte-contre-le-cancer","status":"publish","type":"post","link":"https:\/\/www.europesays.com\/fr\/51394\/","title":{"rendered":"ses recherches font avancer la lutte contre le cancer"},"content":{"rendered":"<p>            Par<br \/>\n        <strong><br \/>\n            <a href=\"https:\/\/actu.fr\/auteur\/romain-piccolo\" title=\"Consulter tous les articles de Romain Piccolo\" rel=\"nofollow noopener\" target=\"_blank\">Romain Piccolo<\/a><br \/>\n        <\/strong><\/p>\n<p>        Publi\u00e9 le<\/p>\n<p>            25 avr. 2025 \u00e0 10h32        <\/p>\n<p>La rechercher de <a href=\"https:\/\/actu.fr\/toulouse\/\" rel=\"nofollow noopener\" target=\"_blank\">Toulouse <\/a>a brill\u00e9 lors de cette remise de prix. Le 15 avril 2025 \u00e0 Paris, la <a href=\"https:\/\/actu.fr\/occitanie\/montpellier_34172\/cancerologie-fondation-arc-jeune-chercheur-montpellier-double-laureat_30362624.html\" rel=\"nofollow noopener\" target=\"_blank\">Fondation ARC<\/a> pour la recherche sur le cancer a d\u00e9cern\u00e9 ses<strong> Prix Oberling-Haguenau<\/strong> \u00e0 <strong>deux chercheurs issus de la communaut\u00e9 scientifique toulousaine<\/strong>. Le professeur <strong>Herv\u00e9 Avet-Loiseau<\/strong> se voit attribuer le prestigieux Grand-<strong>Prix de 150 000 \u20ac<\/strong> tandis que la docteure <strong>L\u00e9a Mont\u00e9gut<\/strong> re\u00e7oit le Prix de Th\u00e8se (5 000 \u20ac) pour ses travaux innovants.<\/p>\n<p>Un Grand Prix pour d\u00e9crypter le cancer \u00e0 Toulouse<\/p>\n<p class=\" wall-content\">Responsable de l\u2019unit\u00e9 \u00ab\u00a0G\u00e9nomique du My\u00e9lome\u00a0\u00bb <strong>au centre de recherche en canc\u00e9rologie de Toulouse<\/strong> (CRCT) et au CHU de Toulouse depuis 2012, le professeur Herv\u00e9 Avet-Louiseau fait figure de pionnier mondial dans l\u2019\u00e9tude du My\u00e9lome multiple. Il est<strong> le deuxi\u00e8me cancer de la moelle osseuse en France<\/strong> avec pr\u00e8s de 4 000 nouveaux cas par an.\u00a0<\/p>\n<blockquote class=\"ac-article-quote wall-content\">\n<p>\u00ab Recevoir ce Prix est un immense honneur, c\u2019est la reconnaissance d\u2019un travail collectif men\u00e9 avec engagement et d\u00e9termination pour trouver les solutions th\u00e9rapeutiques de demain. Nous tenons \u00e0 remercier la Fondation ARC qui nous soutient depuis de nombreuses ann\u00e9es et nous a aid\u00e9 \u00e0 obtenir des r\u00e9sultats significatifs dans la prise en charge des my\u00e9lomes multiples \u00bb<\/p>\n<p>    <strong>Herv\u00e9 Avet-Loiseau<\/strong>\n            <\/p><\/blockquote>\n<p class=\" wall-content\">Ses recherches, soutenues de longue date par la Fondation ARC, ont permis de <strong>mettre en \u00e9vidence des anomalies g\u00e9n\u00e9tiques cl\u00e9s<\/strong> ainsi que la disparit\u00e9 cellulaire des tumeurs d\u00e8s le diagnostic, ouvrant la voie \u00e0 une m\u00e9decine de pr\u00e9cision adapt\u00e9 \u00e0 chaque profil de patient.<\/p>\n<p class=\" wall-content\">Le Prix Obserling-Haguenau <strong>r\u00e9compense l\u2019impact international de ces travaux toulousain<\/strong> et la capacit\u00e9 de l\u2019\u00e9quipe de la ville \u00e0 \u00e9valuer et optimiser de nouvelles immunoth\u00e9rapies, en identifiant les patients les plus susceptibles d\u2019en b\u00e9n\u00e9ficier.\u00a0<\/p>\n<p>Vid\u00e9os : en ce moment sur Actu<\/p>\n<p class=\" wall-content\">Pour encourager la recherche, la fondation ARC a attribu\u00e9 <strong>une donation de 150 000 euros<\/strong> au professeur qui m\u00e8ne ses \u00e9tudes depuis Toulouse.\u00a0<\/p>\n<p>      <img   decoding=\"async\" loading=\"lazy\" src=\"https:\/\/www.europesays.com\/fr\/wp-content\/uploads\/2025\/04\/herve-avet-loiseau-960x640.jpg\" alt=\"Herv\u00e9 Avet-Loiseau, sp\u00e9cialiste du my\u00e9lome multiple Laur\u00e9at du Grand Prix Oberling-Haguenau Fondation ARC\" width=\"960\" height=\"640\"\/><br \/>\n    Herv\u00e9 Avet-Loiseau, sp\u00e9cialiste du my\u00e9lome multiple Laur\u00e9at du Grand Prix Oberling-Haguenau Fondation ARC (\u00a9Fondation ARC)Une jeune docteure toulousaine prim\u00e9e\u00a0<\/p>\n<p class=\" wall-content\">Originaire de Toulouse, <strong>L\u00e9a Mont\u00e9gut<\/strong> a obtenu le Prix de Th\u00e8se Oberling-Hagunau pour ses recherches des Cordeliers et \u00e0 Gustave Roussy, puis publi\u00e9e en 2024 dans Mol\u00e9cular Cancer.<\/p>\n<p class=\" wall-content\">Form\u00e9e entre la France et le Canada, cette chercheuse a mis en lumi\u00e8re <strong>le r\u00f4le de la prot\u00e9ine ACBP dans le d\u00e9veloppement des tumeurs,<\/strong> et montr\u00e9 que sa neutralisation renforce l\u2019efficacit\u00e9 des traitements anticanc\u00e9reux en stimulant la r\u00e9ponse immunitaire antitumorale. Une avanc\u00e9e plus que significative dans le combat des chercheurs contre la maladie.<\/p>\n<blockquote class=\"ac-article-quote wall-content\">\n<p>\u00ab Je suis tr\u00e8s honor\u00e9e de recevoir ce Prix de Th\u00e8se prestigieux. Il conforte ma volont\u00e9 de poursuivre dans la recherche acad\u00e9mique pour approfondir notre compr\u00e9hension du cancer et trouver de nouvelles voies pour en am\u00e9liorer le traitement \u00bb<\/p>\n<p>    <strong>L\u00e9a Mont\u00e9gut<\/strong>\n            <\/p><\/blockquote>\n<p class=\" wall-content\">Depuis janvier 2025, elle poursuit ses recherches \u00e0 l\u2019Icahn School of Medicine at Mount Sinai \u00e0 New York, tout en demeurant li\u00e9e \u00e0 la fili\u00e8re toulousaine par ses premi\u00e8res \u00e9tudes et son r\u00e9seau professionnel.\u00a0<\/p>\n<p>La Fondation ARC, un soutien historique de la recherche toulousaine<\/p>\n<p class=\" wall-content\">La Fondation ARC consacre <strong>un soutien financier de plus de 10,6 millions d\u2019euros<\/strong> \u00e0 93 projets port\u00e9s par des \u00e9quipes de la r\u00e9gion Occitanie entre 2020 et 2024, dont 3,3 millions d\u00e9di\u00e9s \u00e0 Toulouse.<\/p>\n<p class=\" wall-content\">En 2024, <strong>24 nouveaux projets toulousains ont b\u00e9n\u00e9fici\u00e9 d\u2019un financement de la Fondation<\/strong>, t\u00e9moignant de l\u2019engagement durable de l\u2019institution en faveur de la lutte contre le cancer sur le territoire local.\u00a0<\/p>\n<p class=\" wall-content\">Avec ces distinctions, Toulouse confirme son<strong> r\u00f4le de p\u00f4le d\u2019excellence en canc\u00e9rologie<\/strong>, ou l\u2019innovation et la recherche de pointe contribue chaque jour \u00e0 rapprocher la m\u00e9decine du futur du patient d\u2019aujourd\u2019hui. En 2021, <strong>162 400 d\u00e9c\u00e8s ont \u00e9t\u00e9 recens\u00e9s<\/strong> en France par l\u2019institut national du cancer, alors que 433 136 nouveaux cas ont \u00e9t\u00e9 diagnostiqu\u00e9s en 2023.\u00a0<\/p>\n<p class=\" wall-content\">Suivez toute l\u2019actualit\u00e9 de vos villes et m\u00e9dias favoris en vous inscrivant \u00e0 <a href=\"https:\/\/moncompte.actu.fr\" title=\"D\u00e9couvez Mon Actu\" rel=\"nofollow noopener\" data-trk=\"{&quot;cta&quot;:{&quot;action&quot;:&quot;https:\\\/\\\/moncompte.actu.fr&quot;,&quot;category&quot;:&quot;mon compte&quot;,&quot;from&quot;:&quot;article footer&quot;,&quot;name&quot;:&quot;Mon actu&quot;,&quot;type&quot;:&quot;cta&quot;}}\" target=\"_blank\">Mon Actu<\/a>.<\/p>\n","protected":false},"excerpt":{"rendered":"Par Romain Piccolo Publi\u00e9 le 25 avr. 2025 \u00e0 10h32 La rechercher de Toulouse a brill\u00e9 lors de&hellip;\n","protected":false},"author":2,"featured_media":51395,"comment_status":"","ping_status":"","sticky":false,"template":"","format":"standard","meta":{"footnotes":""},"categories":[2816],"tags":[1111,11,2630,1777,674,1011,27,12,2680,14454,25,71,2631,2312],"class_list":{"0":"post-51394","1":"post","2":"type-post","3":"status-publish","4":"format-standard","5":"has-post-thumbnail","7":"category-toulouse","8":"tag-actu","9":"tag-actualites","10":"tag-chu-de-toulouse","11":"tag-eu","12":"tag-europe","13":"tag-fr","14":"tag-france","15":"tag-news","16":"tag-occitanie","17":"tag-paul-le-bihan","18":"tag-republique-francaise","19":"tag-sante","20":"tag-sciences-technologie","21":"tag-toulouse"},"share_on_mastodon":{"url":"https:\/\/pubeurope.com\/@fr\/114397867144543853","error":""},"_links":{"self":[{"href":"https:\/\/www.europesays.com\/fr\/wp-json\/wp\/v2\/posts\/51394","targetHints":{"allow":["GET"]}}],"collection":[{"href":"https:\/\/www.europesays.com\/fr\/wp-json\/wp\/v2\/posts"}],"about":[{"href":"https:\/\/www.europesays.com\/fr\/wp-json\/wp\/v2\/types\/post"}],"author":[{"embeddable":true,"href":"https:\/\/www.europesays.com\/fr\/wp-json\/wp\/v2\/users\/2"}],"replies":[{"embeddable":true,"href":"https:\/\/www.europesays.com\/fr\/wp-json\/wp\/v2\/comments?post=51394"}],"version-history":[{"count":0,"href":"https:\/\/www.europesays.com\/fr\/wp-json\/wp\/v2\/posts\/51394\/revisions"}],"wp:featuredmedia":[{"embeddable":true,"href":"https:\/\/www.europesays.com\/fr\/wp-json\/wp\/v2\/media\/51395"}],"wp:attachment":[{"href":"https:\/\/www.europesays.com\/fr\/wp-json\/wp\/v2\/media?parent=51394"}],"wp:term":[{"taxonomy":"category","embeddable":true,"href":"https:\/\/www.europesays.com\/fr\/wp-json\/wp\/v2\/categories?post=51394"},{"taxonomy":"post_tag","embeddable":true,"href":"https:\/\/www.europesays.com\/fr\/wp-json\/wp\/v2\/tags?post=51394"}],"curies":[{"name":"wp","href":"https:\/\/api.w.org\/{rel}","templated":true}]}}