{"id":513940,"date":"2025-11-05T16:51:13","date_gmt":"2025-11-05T16:51:13","guid":{"rendered":"https:\/\/www.europesays.com\/fr\/513940\/"},"modified":"2025-11-05T16:51:13","modified_gmt":"2025-11-05T16:51:13","slug":"medias-le-dauphine-libere-recompense-simon-marseille-laureat-du-prix-varennes-2025","status":"publish","type":"post","link":"https:\/\/www.europesays.com\/fr\/513940\/","title":{"rendered":"M\u00e9dias. Le Dauphin\u00e9 Lib\u00e9r\u00e9 r\u00e9compens\u00e9, Simon Marseille laur\u00e9at du prix Varennes 2025"},"content":{"rendered":"<p class=\"insetTitle\">Les mots de Simon Marseille apr\u00e8s son prix<\/p>\n<p>\u00ab\u00a0Etant originaire de la montagne, ce prix me touche car il met en valeur nationalement des paysages que je vois depuis mon enfance\u00a0\u00bb,\u00a0 explique Simon Marseille. Le jeune journaliste de 28 ans a en effet grandi \u00e0 Tencin dans le Gr\u00e9sivaudan et est un v\u00e9ritable passionn\u00e9 des sommets mais aussi de ceux qui les peuplent. \u00ab\u00a0C\u2019est comme si ce prix faisait rena\u00eetre une deuxi\u00e8me fois ce hameau du Tri\u00e8ves\u00bb, dit-il en r\u00e9f\u00e9rence \u00e0 cet homme qu\u2019il a mis en lumi\u00e8re dans son article et qui tente de redonner vie \u00e0 son village. \u00ab\u00a0Un monsieur qui me fait penser \u00e0 mon grand-p\u00e8re, originaire des Hautes-Alpes\u00a0\u00bb, dit-il. Un t\u00e9moignage trouv\u00e9 sur les conseils d\u2019un de nos correspondants locaux de presse.<\/p>\n<p>Apr\u00e8s des \u00e9tudes en sciences humaines \u00e0 l\u2019Universit\u00e9 Grenoble Alpes puis une ann\u00e9e au Chili, Simon Marseille a fait l\u2019Institut pratique du journalisme. Il avait effectu\u00e9 un premier stage au Dauphin\u00e9 lib\u00e9r\u00e9 durant ses \u00e9tudes avant d\u2019y revenir une fois son dipl\u00f4me en poche. \u00ab\u00a0J\u2019ai eu la chance d\u2019avoir un des meilleurs terrains de jeu au Dauphin\u00e9 lib\u00e9r\u00e9 avec un encadrement qui m\u2019a laiss\u00e9 \u00e9norm\u00e9ment de libert\u00e9 pour travailler. Ce type de sujet tranche aussi avec l\u2019actualit\u00e9 de la m\u00e9tropole grenobloise\u00a0\u00bb, estime Simon qui a choisi de revenir \u00e0 la radio notamment pour RFI apr\u00e8s des reportages pour RTL.<\/p>\n","protected":false},"excerpt":{"rendered":"Les mots de Simon Marseille apr\u00e8s son prix \u00ab\u00a0Etant originaire de la montagne, ce prix me touche car&hellip;\n","protected":false},"author":2,"featured_media":513941,"comment_status":"","ping_status":"","sticky":false,"template":"","format":"standard","meta":{"footnotes":""},"categories":[9566],"tags":[1111,11,2430,1687,112,113,1777,674,107,1011,27,2731,108,12,25,63461,4604,273,104],"class_list":{"0":"post-513940","1":"post","2":"type-post","3":"status-publish","4":"format-standard","5":"has-post-thumbnail","7":"category-grenoble","8":"tag-actu","9":"tag-actualites","10":"tag-auvergne-rhone-alpes","11":"tag-culture-loisirs","12":"tag-edition-grenoble-agglomeration","13":"tag-edition-gresivaudan-oisans","14":"tag-eu","15":"tag-europe","16":"tag-fil-info","17":"tag-fr","18":"tag-france","19":"tag-grenoble","20":"tag-isere","21":"tag-news","22":"tag-republique-francaise","23":"tag-saint-paul-les-monestier","24":"tag-selection-abonne","25":"tag-selection-de-la-redaction","26":"tag-societe"},"share_on_mastodon":{"url":"https:\/\/pubeurope.com\/@fr\/115498128946092172","error":""},"_links":{"self":[{"href":"https:\/\/www.europesays.com\/fr\/wp-json\/wp\/v2\/posts\/513940","targetHints":{"allow":["GET"]}}],"collection":[{"href":"https:\/\/www.europesays.com\/fr\/wp-json\/wp\/v2\/posts"}],"about":[{"href":"https:\/\/www.europesays.com\/fr\/wp-json\/wp\/v2\/types\/post"}],"author":[{"embeddable":true,"href":"https:\/\/www.europesays.com\/fr\/wp-json\/wp\/v2\/users\/2"}],"replies":[{"embeddable":true,"href":"https:\/\/www.europesays.com\/fr\/wp-json\/wp\/v2\/comments?post=513940"}],"version-history":[{"count":0,"href":"https:\/\/www.europesays.com\/fr\/wp-json\/wp\/v2\/posts\/513940\/revisions"}],"wp:featuredmedia":[{"embeddable":true,"href":"https:\/\/www.europesays.com\/fr\/wp-json\/wp\/v2\/media\/513941"}],"wp:attachment":[{"href":"https:\/\/www.europesays.com\/fr\/wp-json\/wp\/v2\/media?parent=513940"}],"wp:term":[{"taxonomy":"category","embeddable":true,"href":"https:\/\/www.europesays.com\/fr\/wp-json\/wp\/v2\/categories?post=513940"},{"taxonomy":"post_tag","embeddable":true,"href":"https:\/\/www.europesays.com\/fr\/wp-json\/wp\/v2\/tags?post=513940"}],"curies":[{"name":"wp","href":"https:\/\/api.w.org\/{rel}","templated":true}]}}