{"id":513944,"date":"2025-11-05T16:53:22","date_gmt":"2025-11-05T16:53:22","guid":{"rendered":"https:\/\/www.europesays.com\/fr\/513944\/"},"modified":"2025-11-05T16:53:22","modified_gmt":"2025-11-05T16:53:22","slug":"encore-un-camion-de-la-dir-ouest-percute-a-rennes-le-conducteur-alcoolise","status":"publish","type":"post","link":"https:\/\/www.europesays.com\/fr\/513944\/","title":{"rendered":"encore un camion de la Dir Ouest percut\u00e9 \u00e0 Rennes, le conducteur alcoolis\u00e9"},"content":{"rendered":"<p>            Par<br \/>\n        <strong><br \/>\n            <a href=\"https:\/\/actu.fr\/auteur\/brian-legoff\" title=\"Consulter tous les articles de Brian Le Goff\" rel=\"nofollow noopener\" target=\"_blank\">Brian Le Goff<\/a><br \/>\n        <\/strong><\/p>\n<p>        Publi\u00e9 le<\/p>\n<p>            5 nov. 2025 \u00e0 9h56        <\/p>\n<p>Les faits marquent une nouvelle fois les esprits. Mardi 4 novembre, vers 21h20, des agents de la Dir Ouest sont en intervention sur un chantier de la RN24 entre <a href=\"https:\/\/actu.fr\/rennes\/\" rel=\"nofollow noopener\" target=\"_blank\">Rennes<\/a> et Lorient, <strong>au niveau de la zone industrielle du Rheu,<\/strong> quand une voiture, dont le conducteur \u00e9tait alcoolis\u00e9, percute la <strong>fl\u00e8che lumineuse de rabattement<\/strong>.<\/p>\n<p>    <a href=\"https:\/\/www.google.com\/maps\/d\/embed?mid=1MUB0Z92Zi7ZiT8HlEIOhFJZpKVcsEXQ&amp;ehbc=2E312F\" title=\"Ouvrie le lien\" rel=\"nofollow noopener\" target=\"_blank\">Cliquez ici pour visualiser le contenu<\/a><\/p>\n<p class=\" wall-content\">Cet \u00e9l\u00e9ment est une <strong>remorque accroch\u00e9e \u00e0 un fourgon<\/strong> qui indique aux automobilistes l\u2019obligation de changer de voie quand les agents des routes travaillent sur les axes. Elle se situait sur la<strong> voie de gauche.<\/strong><\/p>\n<p>19\u1d49 accident de l\u2019ann\u00e9e<\/p>\n<p class=\" wall-content\">\n<p class=\" wall-content\">L\u2019accident n\u2019a fait aucun bless\u00e9, mais la Dir Ouest n\u2019en d\u00e9mord toujours pas : \u00ab\u2009C\u2019est le <a href=\"https:\/\/actu.fr\/bretagne\/rennes_35238\/accident-a-rennes-un-fourgon-de-la-dir-ouest-percute-sur-la-rocade-quand-est-ce-que-ca-va-s-arreter_63341418.html\" rel=\"nofollow noopener\" target=\"_blank\">deuxi\u00e8me accident de ce type en moins de deux semaines \u00e0 Rennes<\/a>. <strong>Jusqu\u2019\u00e0 quand \u00e7a va durer\u2009?<\/strong> D\u00e8s qu\u2019il y a un v\u00e9hicule de la Dir Ouest, on est prudent, on ralentit et respecte le corridor de s\u00e9curit\u00e9 en changeant de file.\u2009\u00bb<\/p>\n<p class=\" wall-content\">Sur l\u2019ann\u00e9e 2025, c\u2019est le <strong>19\u1d49 accident impliquant un v\u00e9hicule de la Dir Ouest<\/strong> sur la zone d\u2019intervention de cette derni\u00e8re qui comprend la <a href=\"https:\/\/actu.fr\/bretagne\/\" rel=\"nofollow noopener\" target=\"_blank\">Bretagne<\/a> et une partie des Pays de la Loire.<\/p>\n<p class=\" wall-content\">Personnalisez votre actualit\u00e9 en ajoutant vos villes et m\u00e9dias en favori avec <a href=\"https:\/\/moncompte.actu.fr\" title=\"D\u00e9couvez Mon Actu\" rel=\"nofollow noopener\" data-trk=\"{&quot;cta&quot;:{&quot;action&quot;:&quot;https:\\\/\\\/moncompte.actu.fr&quot;,&quot;category&quot;:&quot;mon compte&quot;,&quot;from&quot;:&quot;article footer&quot;,&quot;name&quot;:&quot;Mon actu&quot;,&quot;type&quot;:&quot;cta&quot;}}\" target=\"_blank\">Mon Actu<\/a>.<\/p>\n","protected":false},"excerpt":{"rendered":"Par Brian Le Goff Publi\u00e9 le 5 nov. 2025 \u00e0 9h56 Les faits marquent une nouvelle fois les&hellip;\n","protected":false},"author":2,"featured_media":513945,"comment_status":"","ping_status":"","sticky":false,"template":"","format":"standard","meta":{"footnotes":""},"categories":[2821],"tags":[119,1111,11,829,3542,1777,674,118,1011,27,12,584,25,2086],"class_list":{"0":"post-513944","1":"post","2":"type-post","3":"status-publish","4":"format-standard","5":"has-post-thumbnail","7":"category-rennes","8":"tag-accident","9":"tag-actu","10":"tag-actualites","11":"tag-bretagne","12":"tag-circulation","13":"tag-eu","14":"tag-europe","15":"tag-faits-divers","16":"tag-fr","17":"tag-france","18":"tag-news","19":"tag-rennes","20":"tag-republique-francaise","21":"tag-travaux"},"share_on_mastodon":{"url":"https:\/\/pubeurope.com\/@fr\/115498136567027747","error":""},"_links":{"self":[{"href":"https:\/\/www.europesays.com\/fr\/wp-json\/wp\/v2\/posts\/513944","targetHints":{"allow":["GET"]}}],"collection":[{"href":"https:\/\/www.europesays.com\/fr\/wp-json\/wp\/v2\/posts"}],"about":[{"href":"https:\/\/www.europesays.com\/fr\/wp-json\/wp\/v2\/types\/post"}],"author":[{"embeddable":true,"href":"https:\/\/www.europesays.com\/fr\/wp-json\/wp\/v2\/users\/2"}],"replies":[{"embeddable":true,"href":"https:\/\/www.europesays.com\/fr\/wp-json\/wp\/v2\/comments?post=513944"}],"version-history":[{"count":0,"href":"https:\/\/www.europesays.com\/fr\/wp-json\/wp\/v2\/posts\/513944\/revisions"}],"wp:featuredmedia":[{"embeddable":true,"href":"https:\/\/www.europesays.com\/fr\/wp-json\/wp\/v2\/media\/513945"}],"wp:attachment":[{"href":"https:\/\/www.europesays.com\/fr\/wp-json\/wp\/v2\/media?parent=513944"}],"wp:term":[{"taxonomy":"category","embeddable":true,"href":"https:\/\/www.europesays.com\/fr\/wp-json\/wp\/v2\/categories?post=513944"},{"taxonomy":"post_tag","embeddable":true,"href":"https:\/\/www.europesays.com\/fr\/wp-json\/wp\/v2\/tags?post=513944"}],"curies":[{"name":"wp","href":"https:\/\/api.w.org\/{rel}","templated":true}]}}