{"id":513948,"date":"2025-11-05T16:56:14","date_gmt":"2025-11-05T16:56:14","guid":{"rendered":"https:\/\/www.europesays.com\/fr\/513948\/"},"modified":"2025-11-05T16:56:14","modified_gmt":"2025-11-05T16:56:14","slug":"la-ville-reaffirme-son-engagement-mais-quid-de-la-cea","status":"publish","type":"post","link":"https:\/\/www.europesays.com\/fr\/513948\/","title":{"rendered":"la Ville r\u00e9affirme son engagement, mais quid de la CEA \u00a0?"},"content":{"rendered":"<p>\u00c0 en croire un r\u00e9cent diagnostic de l\u2019Agence r\u00e9gionale de sant\u00e9 (ARS), repris lors du conseil municipal de ce lundi 3 novembre par l\u2019adjoint \u00e0 la maire <a href=\"https:\/\/www.dna.fr\/p\/jeanne-barseghian\" target=\"_blank\" rel=\"noopener\">Jeanne Barseghian<\/a> en charge de la sant\u00e9, Alexandre Feltz, \u00ab\u200al\u00e0 o\u00f9 il y a des Maisons urbaines de sant\u00e9, les d\u00e9serts m\u00e9dicaux r\u00e9gressent\u200a\u00bb.<\/p>\n<p>\u00c7a tombe bien, <a href=\"https:\/\/www.dna.fr\/sante\/2024\/10\/30\/maison-de-sante-un-nouvel-equipement-qui-manquait-a-l-elsau\" target=\"_blank\" rel=\"noopener\">Strasbourg en compte d\u00e9j\u00e0 cinq en activit\u00e9 dans les quartiers prioritaires de la politique de la Ville<\/a>\u200a: au Neuhof, \u00e0 Hautepierre, \u00e0 la Cit\u00e9 de l\u2019Ill, \u00e0 la Meinau-Canardi\u00e8re et \u00e0 l\u2019Elsau. Trois autres sont en cours de d\u00e9veloppement\u200a: au Port du Rhin, \u00e0 Koenigshoffen et dans le quartier Gare-Laiterie. S\u2019ajoute \u00e0 cela un projet \u00e0 l\u2019\u00e9tude \u00e0 Cronenbourg.<\/p>\n<p>Dans ce contexte, les \u00e9lus ont vot\u00e9, \u00e0 l\u2019unanimit\u00e9, une enveloppe de 148\u200a760\u00a0euros (somme ventil\u00e9e entre une subvention d\u2019investissement de 100\u200a000\u00a0euros d\u00e9di\u00e9e au projet de Koenigshoffen et 48\u200a760\u00a0euros de subventions de fonctionnement) pour les cinq MUS existantes. La d\u00e9lib\u00e9ration r\u00e9affirme aussi &#8211; surtout &#8211; le soutien de la Ville \u00e0 ces structures \u00ab\u200aqui jouent un r\u00f4le clef dans la r\u00e9duction des in\u00e9galit\u00e9s territoriales de sant\u00e9 et dans l\u2019offre de sant\u00e9 de proximit\u00e9\u200a\u00bb, insiste <a href=\"https:\/\/www.dna.fr\/magazine-sante\/2022\/10\/08\/le-sport-sur-ordonnance-fete-ses-dix-ans-en-pleine-forme\" target=\"_blank\" rel=\"noopener\">Alexandre Feltz<\/a>.<\/p>\n<p>  Un recul de la CEA \u00a0?<\/p>\n<p>Ce, alors m\u00eame que la Collectivit\u00e9 europ\u00e9enne d\u2019Alsace, jusqu\u2019ici partie prenante du dispositif, \u00ab\u200apourrait ne plus s\u2019engager \u00e0 l\u2019avenir\u200a\u00bb, croit-il savoir. Une perspective d\u00e9l\u00e9t\u00e8re, qui menacerait tant \u00ab\u200al\u2019\u00e9quit\u00e9 territoriale\u200a\u00bb (les premi\u00e8res MUS ayant b\u00e9n\u00e9fici\u00e9 de subventions de la CEA) que l\u2019acc\u00e8s aux soins pour tous et les projets en cours.<\/p>\n<p>\u00ab\u200aC\u2019est un sujet difficile\u200a\u00bb, reconna\u00eet l\u2019\u00e9lu d\u2019opposition et conseiller \u00e0 la CEA Jean-Philippe Maurer (LR), qui avance des arbitrages budg\u00e9taires \u00e0 l\u2019heure o\u00f9 \u00ab\u200ales d\u00e9penses sociales augmentent constamment\u200a\u00bb. Il se dit n\u00e9anmoins \u00ab\u200atr\u00e8s attach\u00e9 aux MUS, dont [il] voit bien la n\u00e9cessit\u00e9 absolue dans les QPV\u200a\u00bb, et promet de s\u2019en faire l\u2019avocat aupr\u00e8s de l\u2019ex\u00e9cutif de la CEA.<\/p>\n","protected":false},"excerpt":{"rendered":"\u00c0 en croire un r\u00e9cent diagnostic de l\u2019Agence r\u00e9gionale de sant\u00e9 (ARS), repris lors du conseil municipal de&hellip;\n","protected":false},"author":2,"featured_media":513949,"comment_status":"","ping_status":"","sticky":false,"template":"","format":"standard","meta":{"footnotes":""},"categories":[2820],"tags":[1111,11,2649,1984,2880,1777,674,107,1011,27,775,12,316,25,71,640,2879],"class_list":{"0":"post-513948","1":"post","2":"type-post","3":"status-publish","4":"format-standard","5":"has-post-thumbnail","7":"category-strasbourg","8":"tag-actu","9":"tag-actualites","10":"tag-bas-rhin","11":"tag-conseil-municipal","12":"tag-edition-strasbourg","13":"tag-eu","14":"tag-europe","15":"tag-fil-info","16":"tag-fr","17":"tag-france","18":"tag-grand-est","19":"tag-news","20":"tag-politique","21":"tag-republique-francaise","22":"tag-sante","23":"tag-strasbourg","24":"tag-strasbourg-ville"},"share_on_mastodon":{"url":"https:\/\/pubeurope.com\/@fr\/115498148436874532","error":""},"_links":{"self":[{"href":"https:\/\/www.europesays.com\/fr\/wp-json\/wp\/v2\/posts\/513948","targetHints":{"allow":["GET"]}}],"collection":[{"href":"https:\/\/www.europesays.com\/fr\/wp-json\/wp\/v2\/posts"}],"about":[{"href":"https:\/\/www.europesays.com\/fr\/wp-json\/wp\/v2\/types\/post"}],"author":[{"embeddable":true,"href":"https:\/\/www.europesays.com\/fr\/wp-json\/wp\/v2\/users\/2"}],"replies":[{"embeddable":true,"href":"https:\/\/www.europesays.com\/fr\/wp-json\/wp\/v2\/comments?post=513948"}],"version-history":[{"count":0,"href":"https:\/\/www.europesays.com\/fr\/wp-json\/wp\/v2\/posts\/513948\/revisions"}],"wp:featuredmedia":[{"embeddable":true,"href":"https:\/\/www.europesays.com\/fr\/wp-json\/wp\/v2\/media\/513949"}],"wp:attachment":[{"href":"https:\/\/www.europesays.com\/fr\/wp-json\/wp\/v2\/media?parent=513948"}],"wp:term":[{"taxonomy":"category","embeddable":true,"href":"https:\/\/www.europesays.com\/fr\/wp-json\/wp\/v2\/categories?post=513948"},{"taxonomy":"post_tag","embeddable":true,"href":"https:\/\/www.europesays.com\/fr\/wp-json\/wp\/v2\/tags?post=513948"}],"curies":[{"name":"wp","href":"https:\/\/api.w.org\/{rel}","templated":true}]}}