{"id":513950,"date":"2025-11-05T16:57:12","date_gmt":"2025-11-05T16:57:12","guid":{"rendered":"https:\/\/www.europesays.com\/fr\/513950\/"},"modified":"2025-11-05T16:57:12","modified_gmt":"2025-11-05T16:57:12","slug":"emegha-et-lemarechal-de-retour-en-vue-du-match-a-hacken-jeudi-21h","status":"publish","type":"post","link":"https:\/\/www.europesays.com\/fr\/513950\/","title":{"rendered":"Emegha et Lemarechal de retour en vue du match \u00e0 H\u00e4cken, jeudi (21h)\u00a0"},"content":{"rendered":"<p>Bless\u00e9 \u00e0 l&rsquo;ischio-jambier fin septembre lors de la d\u00e9faite contre Marseille, le capitaine et leader d&rsquo;attaque Emmanuel Emegha voit le bout du tunnel.<\/p>\n<p>Mardi, le Racing avait diffus\u00e9 une petite s\u00e9quence vid\u00e9o avec le N\u00e9erlandais de retour \u00e0 l&rsquo;entra\u00eenement \u00e0 la Meinau.<\/p>\n<p>Ce mercredi en Su\u00e8de, Liam Rosenior a confirm\u00e9 son retour. \u00ab\u00a0\u00a0\u00bbEmma\u00a0\u00bb est venu avec nous, je verrai demain (jeudi) si je l&rsquo;aligne ou pas\u00a0\u00bb, dit le coach anglais.<\/p>\n<p>Depuis sa blessure, l&rsquo;avant-centre a manqu\u00e9 sept rencontres\u00a0: deux en Coupe d&rsquo;Europe et cinq en Ligue 1.<\/p>\n<p>Lemarechal r\u00e9int\u00e9gr\u00e9<\/p>\n<p>Rosenior a \u00e9galement pr\u00e9cis\u00e9 que F\u00e9lix Lemarechal fait partie du voyage. Le milieu offensif avait \u00e9t\u00e9 \u00e9cart\u00e9 du groupe lors des deux derniers matches de championnat.<\/p>\n<p>\u00ab\u00a0Il n&rsquo;a pas \u00e9t\u00e9 convoqu\u00e9 (contre Auxerre et \u00e0 Rennes) parce que j&rsquo;ai un groupe talentueux et ultra-comp\u00e9titif o\u00f9 la concurrence est forte, explique le quadrag\u00e9naire. F\u00e9lix est un joueur extraordinaire, mais il a besoin de progresser dans certains domaines de son jeu. S&rsquo;il le fait, il aura de grandes chances de revenir dans l&rsquo;\u00e9quipe.\u00a0\u00bb\u00a0 \u00a0<\/p>\n<p>Une d\u00e9fense remplum\u00e9e<\/p>\n<p>Secteur sinistr\u00e9 lors de la d\u00e9route de dimanche \u00e0 Rennes (4-1), la d\u00e9fense retrouve des forces vives.<\/p>\n<p>Isma\u00ebl Doukour\u00e9, qui a encore deux matches de suspension \u00e0 purger en Ligue 1, est op\u00e9rationnel sur la sc\u00e8ne europ\u00e9enne.<\/p>\n<p>Mamadou Sarr (malade) et Andrew Omobamidele (touch\u00e9 lors du dernier entra\u00eenement) sont \u00e9galement aptes.<\/p>\n","protected":false},"excerpt":{"rendered":"Bless\u00e9 \u00e0 l&rsquo;ischio-jambier fin septembre lors de la d\u00e9faite contre Marseille, le capitaine et leader d&rsquo;attaque Emmanuel Emegha&hellip;\n","protected":false},"author":2,"featured_media":513951,"comment_status":"","ping_status":"","sticky":false,"template":"","format":"standard","meta":{"footnotes":""},"categories":[2820],"tags":[328,1111,11,2389,1777,674,107,63,1011,27,775,12,41281,25,517,640],"class_list":{"0":"post-513950","1":"post","2":"type-post","3":"status-publish","4":"format-standard","5":"has-post-thumbnail","7":"category-strasbourg","8":"tag-a-la-une","9":"tag-actu","10":"tag-actualites","11":"tag-alsace","12":"tag-eu","13":"tag-europe","14":"tag-fil-info","15":"tag-football","16":"tag-fr","17":"tag-france","18":"tag-grand-est","19":"tag-news","20":"tag-racing-club-strasbourg-masculin","21":"tag-republique-francaise","22":"tag-sport","23":"tag-strasbourg"},"share_on_mastodon":{"url":"https:\/\/pubeurope.com\/@fr\/115498152377761843","error":""},"_links":{"self":[{"href":"https:\/\/www.europesays.com\/fr\/wp-json\/wp\/v2\/posts\/513950","targetHints":{"allow":["GET"]}}],"collection":[{"href":"https:\/\/www.europesays.com\/fr\/wp-json\/wp\/v2\/posts"}],"about":[{"href":"https:\/\/www.europesays.com\/fr\/wp-json\/wp\/v2\/types\/post"}],"author":[{"embeddable":true,"href":"https:\/\/www.europesays.com\/fr\/wp-json\/wp\/v2\/users\/2"}],"replies":[{"embeddable":true,"href":"https:\/\/www.europesays.com\/fr\/wp-json\/wp\/v2\/comments?post=513950"}],"version-history":[{"count":0,"href":"https:\/\/www.europesays.com\/fr\/wp-json\/wp\/v2\/posts\/513950\/revisions"}],"wp:featuredmedia":[{"embeddable":true,"href":"https:\/\/www.europesays.com\/fr\/wp-json\/wp\/v2\/media\/513951"}],"wp:attachment":[{"href":"https:\/\/www.europesays.com\/fr\/wp-json\/wp\/v2\/media?parent=513950"}],"wp:term":[{"taxonomy":"category","embeddable":true,"href":"https:\/\/www.europesays.com\/fr\/wp-json\/wp\/v2\/categories?post=513950"},{"taxonomy":"post_tag","embeddable":true,"href":"https:\/\/www.europesays.com\/fr\/wp-json\/wp\/v2\/tags?post=513950"}],"curies":[{"name":"wp","href":"https:\/\/api.w.org\/{rel}","templated":true}]}}