{"id":513954,"date":"2025-11-05T16:59:11","date_gmt":"2025-11-05T16:59:11","guid":{"rendered":"https:\/\/www.europesays.com\/fr\/513954\/"},"modified":"2025-11-05T16:59:11","modified_gmt":"2025-11-05T16:59:11","slug":"nice-la-meteo-va-radicalement-changer-pluie-et-fortes-rafales-annoncees-sur-la-cote-dazur","status":"publish","type":"post","link":"https:\/\/www.europesays.com\/fr\/513954\/","title":{"rendered":"Nice. La m\u00e9t\u00e9o va radicalement changer, pluie et fortes rafales annonc\u00e9es sur la C\u00f4te d&rsquo;Azur"},"content":{"rendered":"<p>            Par<br \/>\n        <strong><br \/>\n            <a href=\"https:\/\/actu.fr\/auteur\/arthur-frand\" title=\"Consulter tous les articles de Arthur Frand\" target=\"_blank\" rel=\"noopener\">Arthur Frand<\/a><br \/>\n        <\/strong><\/p>\n<p>        Publi\u00e9 le<\/p>\n<p>            5 nov. 2025 \u00e0 17h55        <\/p>\n<p>Il va falloir <strong>ressortir les parapluies<\/strong> pour deux jours. Depuis le d\u00e9but de la semaine, le ciel \u00e9tait bleu et radieux \u00e0 <a href=\"https:\/\/actu.fr\/nice\/\" target=\"_blank\" rel=\"noopener\">Nice<\/a> et dans les <a href=\"https:\/\/actu.fr\/provence-alpes-cote-d-azur\/alpes-maritimes_06\" target=\"_blank\" rel=\"noopener\">Alpes-Maritimes<\/a>, malgr\u00e9 des matin\u00e9es et soir\u00e9es un peu plus fra\u00eeches. Cette douceur automnale ne va pas durer. La m\u00e9t\u00e9o va <strong>radicalement changer<\/strong> ce jeudi 6 novembre 2025. Un nouvel \u00e9pisode m\u00e9diterran\u00e9en arrive.<\/p>\n<p class=\" wall-content\">Voici les pr\u00e9visions \u00e0 Nice et dans le reste du d\u00e9partement.<\/p>\n<p>Pluie et rafales de vents annonc\u00e9es<\/p>\n<p class=\" wall-content\">Si la journ\u00e9e de ce mercredi 5\u00a0novembre \u00e9tait tr\u00e8s douce et ensoleill\u00e9e, une perturbation active aborde les Alpes-Maritimes. Les premi\u00e8res gouttes devraient <strong>\u00eatre observ\u00e9es<\/strong> entre minuit et 6\u2009h \u00e0 Nice dans la nuit de mercredi \u00e0 jeudi. Ce qui annonce une journ\u00e9e de pluie.<\/p>\n<p class=\" wall-content\">Ce jeudi, les pr\u00e9cipitations (77\u2009% de probabilit\u00e9s) pourraient atteindre 12,2\u00a0mm sur 24h. La temp\u00e9rature restera similaire entre 11 et 17 degr\u00e9s.<\/p>\n<p class=\" wall-content\">Un vent d\u2019Est soufflera. Des rafales<strong> jusqu\u2019\u00e0 55\u00a0km\/h<\/strong> sont annonc\u00e9es par M\u00e9t\u00e9o France dans l\u2019apr\u00e8s-midi et la soir\u00e9e de jeudi. Ces rafales gagneront en intensit\u00e9 en se rapprochant du Var et des Bouches-du-Rh\u00f4ne. Il faudra donc adapter ses trajets et pr\u00e9voir des v\u00eatements imperm\u00e9ables.<\/p>\n<p>Un week-end qui s\u2019annonce radieux<\/p>\n<p class=\" wall-content\">Ce vendredi 7\u00a0novembre la pluie pourrait <strong>aussi perturber<\/strong> la journ\u00e9e des Ni\u00e7ois et Maralpins. Notamment dans la matin\u00e9e. Un retour progressif du soleil est ensuite pr\u00e9vu. Le week-end, lui, s\u2019annonce radieux.<\/p>\n<p class=\" wall-content\">Personnalisez votre actualit\u00e9 en ajoutant vos villes et m\u00e9dias en favori avec <a href=\"https:\/\/moncompte.actu.fr\" title=\"D\u00e9couvez Mon Actu\" rel=\"nofollow noopener\" data-trk=\"{&quot;cta&quot;:{&quot;action&quot;:&quot;https:\\\/\\\/moncompte.actu.fr&quot;,&quot;category&quot;:&quot;mon compte&quot;,&quot;from&quot;:&quot;article footer&quot;,&quot;name&quot;:&quot;Mon actu&quot;,&quot;type&quot;:&quot;cta&quot;}}\" target=\"_blank\">Mon Actu<\/a>.<\/p>\n","protected":false},"excerpt":{"rendered":"Par Arthur Frand Publi\u00e9 le 5 nov. 2025 \u00e0 17h55 Il va falloir ressortir les parapluies pour deux&hellip;\n","protected":false},"author":2,"featured_media":513955,"comment_status":"","ping_status":"","sticky":false,"template":"","format":"standard","meta":{"footnotes":""},"categories":[2819],"tags":[1111,11,1777,674,1011,27,2487,2357,12,2401,4459,882,25],"class_list":{"0":"post-513954","1":"post","2":"type-post","3":"status-publish","4":"format-standard","5":"has-post-thumbnail","7":"category-nice","8":"tag-actu","9":"tag-actualites","10":"tag-eu","11":"tag-europe","12":"tag-fr","13":"tag-france","14":"tag-meteo","15":"tag-meteo-france","16":"tag-news","17":"tag-nice","18":"tag-pluie","19":"tag-provence-alpes-cote-dazur","20":"tag-republique-francaise"},"share_on_mastodon":{"url":"https:\/\/pubeurope.com\/@fr\/115498160320437473","error":""},"_links":{"self":[{"href":"https:\/\/www.europesays.com\/fr\/wp-json\/wp\/v2\/posts\/513954","targetHints":{"allow":["GET"]}}],"collection":[{"href":"https:\/\/www.europesays.com\/fr\/wp-json\/wp\/v2\/posts"}],"about":[{"href":"https:\/\/www.europesays.com\/fr\/wp-json\/wp\/v2\/types\/post"}],"author":[{"embeddable":true,"href":"https:\/\/www.europesays.com\/fr\/wp-json\/wp\/v2\/users\/2"}],"replies":[{"embeddable":true,"href":"https:\/\/www.europesays.com\/fr\/wp-json\/wp\/v2\/comments?post=513954"}],"version-history":[{"count":0,"href":"https:\/\/www.europesays.com\/fr\/wp-json\/wp\/v2\/posts\/513954\/revisions"}],"wp:featuredmedia":[{"embeddable":true,"href":"https:\/\/www.europesays.com\/fr\/wp-json\/wp\/v2\/media\/513955"}],"wp:attachment":[{"href":"https:\/\/www.europesays.com\/fr\/wp-json\/wp\/v2\/media?parent=513954"}],"wp:term":[{"taxonomy":"category","embeddable":true,"href":"https:\/\/www.europesays.com\/fr\/wp-json\/wp\/v2\/categories?post=513954"},{"taxonomy":"post_tag","embeddable":true,"href":"https:\/\/www.europesays.com\/fr\/wp-json\/wp\/v2\/tags?post=513954"}],"curies":[{"name":"wp","href":"https:\/\/api.w.org\/{rel}","templated":true}]}}