{"id":513956,"date":"2025-11-05T17:00:27","date_gmt":"2025-11-05T17:00:27","guid":{"rendered":"https:\/\/www.europesays.com\/fr\/513956\/"},"modified":"2025-11-05T17:00:27","modified_gmt":"2025-11-05T17:00:27","slug":"premier-hotel-5-etoiles-du-centre-ville-de-nantes-quand-va-t-il-ouvrir","status":"publish","type":"post","link":"https:\/\/www.europesays.com\/fr\/513956\/","title":{"rendered":"Premier h\u00f4tel 5 \u00e9toiles du centre-ville de Nantes : quand va-t-il ouvrir\u00a0?"},"content":{"rendered":"<p>            Par<br \/>\n        <strong><br \/>\n            <a href=\"https:\/\/actu.fr\/auteur\/thomas-bernard\" title=\"Consulter tous les articles de Thomas Bernard\" target=\"_blank\" rel=\"noopener\">Thomas Bernard<\/a><br \/>\n        <\/strong><\/p>\n<p>        Publi\u00e9 le<\/p>\n<p>            5 nov. 2025 \u00e0 17h21        <\/p>\n<p>Dans le centre-ville de Nantes, l\u2019ancien h\u00f4tel de Brou o\u00f9 se situait le si\u00e8ge de l\u2019entreprise Pernod, revit. Apr\u00e8s le ch\u00e2teau de Maubreuil \u00e0 <a href=\"https:\/\/actu.fr\/pays-de-la-loire\/carquefou_44026\" target=\"_blank\" rel=\"noopener\">Carquefou<\/a>, Phillippe Rousse a jet\u00e9 son d\u00e9volu sur le b\u00e2timent du XIXe si\u00e8cle du 6 rue du Roi Albert, pour cr\u00e9er <b>Maison Maubreuil<\/b>.<\/p>\n<p class=\" wall-content\">Ce nouvel \u00e9tablissement est <b>le premier h\u00f4tel 5 \u00e9toiles de la cit\u00e9 des ducs de Bretagne<\/b>. Les ouvriers sont encore en train de peaufiner les derniers d\u00e9tails avant l\u2019ouverture du lieu prestigieux.<\/p>\n<p>Ouverture de l\u2019h\u00f4tel en d\u00e9cembre<\/p>\n<p class=\" wall-content\">L\u2019h\u00f4tel proposera 13 chambres. Les premiers clients y seront accueillis \u00e0 partir du <b>1er\u00a0d\u00e9cembre 2025<\/b>. En attendant l\u2019ouverture de la partie h\u00f4tel, la Maison Maubreuil accueillera du public pour <a href=\"https:\/\/www.maisonmaubreuil.com\/fr\/gastronomie\" target=\"_blank\" rel=\"noopener\">sa partie restauration<\/a>.<br \/>Ouvert du mardi au samedi midi, de 12h \u00e0 13h30, le Caf\u00e9 Maubreuil servira ses premiers couverts <b>le jeudi 6\u00a0novembre<\/b>. Le Bar Albert ouvre lui aussi ce jeudi Le bar \u00e0 cocktails sera ouvert du mardi au samedi soir, de 18h \u00e0 23h.<\/p>\n<p class=\" wall-content\">En sous-sol, le restaurant Chai Maubreuil, en service du mercredi au samedi soir de, 19h \u00e0 22h\u2009; ouvrira d\u00e8s <b>le jeudi 27\u00a0novembre<\/b>.<\/p>\n<p><b>Infos pratiques<\/b>\u2009:<br \/><a href=\"https:\/\/www.maisonmaubreuil.com\/fr\/?_gl=1*1rsv08n*_up*MQ..*_ga*MTg4MjY3MjEzOS4xNzYyMzQzMzc0*_ga_815NZW7TM5*czE3NjIzNDMzNzMkbzEkZzAkdDE3NjIzNDMzNzMkajYwJGwwJGgw\" target=\"_blank\" rel=\"noopener\">Maison Maubreuil<\/a>, 6 rue du Roi Albert, Nantes<\/p>\n<p class=\" wall-content\">Personnalisez votre actualit\u00e9 en ajoutant vos villes et m\u00e9dias en favori avec <a href=\"https:\/\/moncompte.actu.fr\" title=\"D\u00e9couvez Mon Actu\" rel=\"nofollow noopener\" data-trk=\"{&quot;cta&quot;:{&quot;action&quot;:&quot;https:\\\/\\\/moncompte.actu.fr&quot;,&quot;category&quot;:&quot;mon compte&quot;,&quot;from&quot;:&quot;article footer&quot;,&quot;name&quot;:&quot;Mon actu&quot;,&quot;type&quot;:&quot;cta&quot;}}\" target=\"_blank\">Mon Actu<\/a>.<\/p>\n","protected":false},"excerpt":{"rendered":"Par Thomas Bernard Publi\u00e9 le 5 nov. 2025 \u00e0 17h21 Dans le centre-ville de Nantes, l\u2019ancien h\u00f4tel de&hellip;\n","protected":false},"author":2,"featured_media":513957,"comment_status":"","ping_status":"","sticky":false,"template":"","format":"standard","meta":{"footnotes":""},"categories":[2818],"tags":[1111,11,215,1777,674,1011,27,766,12,3147,2636,25,104],"class_list":{"0":"post-513956","1":"post","2":"type-post","3":"status-publish","4":"format-standard","5":"has-post-thumbnail","7":"category-nantes","8":"tag-actu","9":"tag-actualites","10":"tag-commerce","11":"tag-eu","12":"tag-europe","13":"tag-fr","14":"tag-france","15":"tag-nantes","16":"tag-news","17":"tag-nouveaux-commerces","18":"tag-pays-de-la-loire","19":"tag-republique-francaise","20":"tag-societe"},"share_on_mastodon":{"url":"https:\/\/pubeurope.com\/@fr\/115498164104985964","error":""},"_links":{"self":[{"href":"https:\/\/www.europesays.com\/fr\/wp-json\/wp\/v2\/posts\/513956","targetHints":{"allow":["GET"]}}],"collection":[{"href":"https:\/\/www.europesays.com\/fr\/wp-json\/wp\/v2\/posts"}],"about":[{"href":"https:\/\/www.europesays.com\/fr\/wp-json\/wp\/v2\/types\/post"}],"author":[{"embeddable":true,"href":"https:\/\/www.europesays.com\/fr\/wp-json\/wp\/v2\/users\/2"}],"replies":[{"embeddable":true,"href":"https:\/\/www.europesays.com\/fr\/wp-json\/wp\/v2\/comments?post=513956"}],"version-history":[{"count":0,"href":"https:\/\/www.europesays.com\/fr\/wp-json\/wp\/v2\/posts\/513956\/revisions"}],"wp:featuredmedia":[{"embeddable":true,"href":"https:\/\/www.europesays.com\/fr\/wp-json\/wp\/v2\/media\/513957"}],"wp:attachment":[{"href":"https:\/\/www.europesays.com\/fr\/wp-json\/wp\/v2\/media?parent=513956"}],"wp:term":[{"taxonomy":"category","embeddable":true,"href":"https:\/\/www.europesays.com\/fr\/wp-json\/wp\/v2\/categories?post=513956"},{"taxonomy":"post_tag","embeddable":true,"href":"https:\/\/www.europesays.com\/fr\/wp-json\/wp\/v2\/tags?post=513956"}],"curies":[{"name":"wp","href":"https:\/\/api.w.org\/{rel}","templated":true}]}}