{"id":513964,"date":"2025-11-05T17:07:11","date_gmt":"2025-11-05T17:07:11","guid":{"rendered":"https:\/\/www.europesays.com\/fr\/513964\/"},"modified":"2025-11-05T17:07:11","modified_gmt":"2025-11-05T17:07:11","slug":"un-appel-a-temoins-lance-8","status":"publish","type":"post","link":"https:\/\/www.europesays.com\/fr\/513964\/","title":{"rendered":"un appel \u00e0 t\u00e9moins lanc\u00e9"},"content":{"rendered":"<p>            Par<br \/>\n        <strong><br \/>\n            <a href=\"https:\/\/actu.fr\/auteur\/marie-lamarque\" title=\"Consulter tous les articles de Marie Lamarque\" target=\"_blank\" rel=\"noopener\">Marie Lamarque<\/a><br \/>\n        <\/strong><\/p>\n<p>        Publi\u00e9 le<\/p>\n<p>            5 nov. 2025 \u00e0 17h54        <\/p>\n<p>Un saut dans la Garonne qui lui a co\u00fbt\u00e9 la vie. Dans l\u2019apr\u00e8s-midi du vendredi 31\u00a0octobre 2025, les pompiers ont rep\u00each\u00e9 dans le fleuve un homme \u00e2g\u00e9 d\u2019une quarantaine d\u2019ann\u00e9es, <a href=\"https:\/\/actu.fr\/toulouse\/\" target=\"_blank\" rel=\"noopener\">\u00e0 Toulouse<\/a>. Malgr\u00e9 les soins prodigu\u00e9s, <a href=\"https:\/\/actu.fr\/occitanie\/toulouse_31555\/toulouse-repeche-dans-la-garonne-un-homme-d-une-quarantaine-d-annees-declare-decede_63378920.html\" target=\"_blank\" rel=\"noopener\">il n\u2019a pas pu \u00eatre r\u00e9anim\u00e9<\/a>. La police veut faire toute la lumi\u00e8re et <strong>lance un appel \u00e0 t\u00e9moins<\/strong> ce mercredi 5\u00a0novembre.<\/p>\n<p>La victime aurait commis un vol<\/p>\n<p class=\" wall-content\">Car les circonstances restent troubles. \u00ab\u2009On ne sait pas s\u2019il a chut\u00e9 depuis le pont Saint-Pierre ou d\u2019ailleurs\u2009\u00bb, expliquaient les pompiers \u00e0 Actu Toulouse. Une \u00e9quipe de sauveteurs sp\u00e9cialis\u00e9e avait \u00e9t\u00e9 d\u00e9ploy\u00e9e.<strong> 20 pompiers avaient \u00e9t\u00e9 mobilis\u00e9s<\/strong> sur les lieux.<\/p>\n<p class=\" wall-content\"><strong>Le quadrag\u00e9naire aurait commis un vol \u00e0 l\u2019arrach\u00e9 sur le Pont-Neuf<\/strong>, d\u2019apr\u00e8s une source polici\u00e8re d\u2019Actu Toulouse. Poursuivi par la ou les victimes et les passants l\u2019ayant pris en flagrant d\u00e9lit, \u00ab\u2009le voleur s\u2019est jet\u00e9 \u00e0 l\u2019eau\u2009\u00bb.<\/p>\n<p>L\u2019appel \u00e0 t\u00e9moins lanc\u00e9<\/p>\n<p class=\" wall-content\">Cinq jours apr\u00e8s les faits, les forces de l\u2019ordre veulent <strong>entendre les t\u00e9moins<\/strong> qui ont assist\u00e9 \u00e0 la sc\u00e8ne et qui se trouvaient sur le pont Saint-Pierre \u00ab\u2009\u00e0 14h20\u2009\u00bb, pr\u00e9cisent-ils.<\/p>\n<p class=\" wall-content\">\u00c0 quoi ressemblait cet homme\u2009? Il est \u00ab\u2009de type europ\u00e9en, les cheveux bruns, mesurant 1m85\u2009\u00bb. <strong>\u00ab\u2009Enti\u00e8rement v\u00eatu de noir\u2009\u00bb<\/strong>, il portait une sacoche en bandouli\u00e8re, indique la police.<\/p>\n<p>Vid\u00e9os : en ce moment sur Actu<\/p>\n<p class=\" wall-content\">Les personnes susceptibles de d\u00e9tenir des informations sont invit\u00e9es \u00e0 contacter le commissariat de Toulouse au 05\u200961\u200912\u200980\u200907 ou au 05\u200961\u200912\u200980\u200910.<\/p>\n<p class=\" wall-content\">\n<p class=\" wall-content\">Personnalisez votre actualit\u00e9 en ajoutant vos villes et m\u00e9dias en favori avec <a href=\"https:\/\/moncompte.actu.fr\" title=\"D\u00e9couvez Mon Actu\" rel=\"nofollow noopener\" data-trk=\"{&quot;cta&quot;:{&quot;action&quot;:&quot;https:\\\/\\\/moncompte.actu.fr&quot;,&quot;category&quot;:&quot;mon compte&quot;,&quot;from&quot;:&quot;article footer&quot;,&quot;name&quot;:&quot;Mon actu&quot;,&quot;type&quot;:&quot;cta&quot;}}\" target=\"_blank\">Mon Actu<\/a>.<\/p>\n","protected":false},"excerpt":{"rendered":"Par Marie Lamarque Publi\u00e9 le 5 nov. 2025 \u00e0 17h54 Un saut dans la Garonne qui lui a&hellip;\n","protected":false},"author":2,"featured_media":513965,"comment_status":"","ping_status":"","sticky":false,"template":"","format":"standard","meta":{"footnotes":""},"categories":[2816],"tags":[1111,11,1777,674,118,1011,27,5601,12,2680,1072,1311,25,2312],"class_list":{"0":"post-513964","1":"post","2":"type-post","3":"status-publish","4":"format-standard","5":"has-post-thumbnail","7":"category-toulouse","8":"tag-actu","9":"tag-actualites","10":"tag-eu","11":"tag-europe","12":"tag-faits-divers","13":"tag-fr","14":"tag-france","15":"tag-garonne","16":"tag-news","17":"tag-occitanie","18":"tag-police","19":"tag-pompiers","20":"tag-republique-francaise","21":"tag-toulouse"},"share_on_mastodon":{"url":"https:\/\/pubeurope.com\/@fr\/115498191675344651","error":""},"_links":{"self":[{"href":"https:\/\/www.europesays.com\/fr\/wp-json\/wp\/v2\/posts\/513964","targetHints":{"allow":["GET"]}}],"collection":[{"href":"https:\/\/www.europesays.com\/fr\/wp-json\/wp\/v2\/posts"}],"about":[{"href":"https:\/\/www.europesays.com\/fr\/wp-json\/wp\/v2\/types\/post"}],"author":[{"embeddable":true,"href":"https:\/\/www.europesays.com\/fr\/wp-json\/wp\/v2\/users\/2"}],"replies":[{"embeddable":true,"href":"https:\/\/www.europesays.com\/fr\/wp-json\/wp\/v2\/comments?post=513964"}],"version-history":[{"count":0,"href":"https:\/\/www.europesays.com\/fr\/wp-json\/wp\/v2\/posts\/513964\/revisions"}],"wp:featuredmedia":[{"embeddable":true,"href":"https:\/\/www.europesays.com\/fr\/wp-json\/wp\/v2\/media\/513965"}],"wp:attachment":[{"href":"https:\/\/www.europesays.com\/fr\/wp-json\/wp\/v2\/media?parent=513964"}],"wp:term":[{"taxonomy":"category","embeddable":true,"href":"https:\/\/www.europesays.com\/fr\/wp-json\/wp\/v2\/categories?post=513964"},{"taxonomy":"post_tag","embeddable":true,"href":"https:\/\/www.europesays.com\/fr\/wp-json\/wp\/v2\/tags?post=513964"}],"curies":[{"name":"wp","href":"https:\/\/api.w.org\/{rel}","templated":true}]}}