{"id":513968,"date":"2025-11-05T17:09:21","date_gmt":"2025-11-05T17:09:21","guid":{"rendered":"https:\/\/www.europesays.com\/fr\/513968\/"},"modified":"2025-11-05T17:09:21","modified_gmt":"2025-11-05T17:09:21","slug":"le-torchon-brule-entre-roger-vicot-et-olivier-caremelle","status":"publish","type":"post","link":"https:\/\/www.europesays.com\/fr\/513968\/","title":{"rendered":"le torchon br\u00fble entre Roger Vicot et Olivier Caremelle"},"content":{"rendered":"<p><b>Dans un post publi\u00e9 sur Facebook ce dimanche 2 novembre, le d\u00e9put\u00e9 socialiste Roger Vicot, d\u00e9sormais retir\u00e9 de  la course \u00e0 la mairie de Lille, a r\u00e9v\u00e9l\u00e9 les vives tensions qui l\u2019opposent \u00e0 Olivier Caremelle, son successeur comme maire de Lomme depuis 2022. &#13;<br \/>\n<\/b><\/p>\n<p>\u00ab\u202fOlivier Caremelle vous a supprim\u00e9.\u202f\u00bb Voil\u00e0 ce qu\u2019on peut lire sur la capture d\u2019\u00e9cran diffus\u00e9e par le d\u00e9put\u00e9 Roger Vicot sur son profil Facebook ce dimanche 2 novembre. \u00ab\u202fLe maire de Lomme ne souhaite plus que je fasse partie de la boucle cr\u00e9\u00e9e pour la campagne \u00e9lectorale des municipales. Bon\u202f\u00bb, a\u2011t\u2010il comment\u00e9 dans un lapidaire <a href=\"https:\/\/www.facebook.com\/story.php?story_fbid=1443359037366738&amp;id=100050779668920&amp;post_id=100050779668920_1443359037366738&amp;rdid=MP7hnuoIe5uVygfZ#\" target=\"_blank\" rel=\"noopener\">post<\/a> accompagnant l\u2019image.<\/p>\n<p>L\u2019\u00e9pisode r\u00e9v\u00e8le le foss\u00e9 qui s\u2019est creus\u00e9 entre l\u2019actuel maire de Lomme, candidat \u00e0 sa r\u00e9\u00e9lection et celui qui a \u00e9t\u00e9 premier \u00e9dile de la commune entre 2012 et 2022. Apr\u00e8s son \u00e9lection comme d\u00e9put\u00e9 en juin 2022, Roger Vicot avait adoub\u00e9 Olivier Caremelle, alors son premier adjoint pour le remplacer afin d\u2019\u00e9viter un cumul ill\u00e9gal des mandats.<\/p>\n<p>Comme le rapporte <a href=\"https:\/\/www.lavoixdunord.fr\/1226775\/article\/2022-09-10\/lomme-sans-surprise-roger-vicot-transmis-son-fauteuil-olivier-caremelle\" target=\"_blank\" rel=\"noopener\">La Voix du Nord<\/a> dans son compte\u2010rendu de la passation de pouvoir entre les deux hommes, Olivier Caremelle avait revendiqu\u00e9 s\u2019inscrire dans la continuit\u00e9 de son pr\u00e9d\u00e9cesseur\u2026 et \u00ab\u202fami\u202f\u00bb, Roger Vicot. Trois ans plus tard, il l\u2019\u00e9jecte de la boucle de sa campagne. Comment en est\u2010on arriv\u00e9 l\u00e0\u202f?<\/p>\n<p>\u00ab\u202fEpisode \u00e9gotique\u202f\u00bb<br \/>Olivier Caremelle a missionn\u00e9 Alain Grillet, son adjoint au maire et surtout son directeur de campagne, pour s\u2019expliquer. Selon lui, Roger Vicot aurait \u00e9t\u00e9 retir\u00e9 du groupe WhatsApp qui rassemble des sympathisants du maire sortant apr\u00e8s avoir publi\u00e9 un message inappropri\u00e9. Ce message, que nous n\u2019avons pas pu consulter, serait un commentaire sur\u00a0\u2026<\/p>\n<p>Nous vous offrons l\u2019acc\u00e8s \u00e0 cet article<\/p>\n<p>Et \u00e0 toutes nos enqu\u00eates pendant deux jours\u00a0\u00a0! <br \/>Oui, on est g\u00e9n\u00e9reux \ud83d\ude09 Mais pensez aussi \u00e0 <a href=\"https:\/\/www.mediacites.fr\/sabonner\/\" target=\"_blank\" style=\"color:#fff\" rel=\"noopener\">vous abonner<\/a>\u00a0\u00a0!<\/p>\n<p>\t\tEn renseignant votre adresse, vous acceptez nos <a href=\"https:\/\/www.mediacites.fr\/conditions-generales-d-utilisation\/\" target=\"_blank\" rel=\"noopener\">conditions g\u00e9n\u00e9rales d\u2019utilisation<\/a>. <br \/>Mediacit\u00e9s s\u2019engage \u00e0 ne pas c\u00e9der votre adresse \u00e0 des tiers. En cas d\u2019\u00e9chec, \u00e9crivez \u00e0 <a href=\"https:\/\/www.mediacites.fr\/breve\/lille\/2025\/11\/05\/municipales-2026-a-lomme-le-torchon-brule-entre-roger-vicot-et-olivier-caremelle\/mailto:contact@mediacites.fr\" target=\"_blank\" rel=\"noopener\">contact@mediacites.fr<\/a><\/p>\n<ul>\n<li>J\u2019acc\u00e8de aux 4 \u00e9ditions de Mediacit\u00e9s (Lille, Lyon, Nantes et Toulouse)<\/li>\n<li>Je d\u00e9couvre un m\u00e9dia 100 % ind\u00e9pendant, avec 0 % de publicit\u00e9<\/li>\n<\/ul>\n<p>Envie de lire la\u00a0suite\u202f?<\/p>\n<p>Depuis neuf ans, Mediacit\u00e9s enqu\u00eate en toute ind\u00e9pendance dans votre ville. Gr\u00e2ce \u00e0 ses lecteurs\u202f! Abonnez\u2010vous pour ne rien manquer de nos enqu\u00eates, suivre les \u00e9lections municipales et soutenir un journal local d\u2019investigation.<\/p>\n<ul>\n<li>Acc\u00e8s aux 4 \u00e9ditions de Mediacit\u00e9s (Lille, Lyon, Nantes et Toulouse)<\/li>\n<li>100 % ind\u00e9pendant, avec 0 % de publicit\u00e9<\/li>\n<li>R\u00e9siliation facile \u00e0 tout moment<\/li>\n<\/ul>\n<p>Mediacit\u00e9s offre l\u2019acc\u00e8s \u00e0 cet article aux lecteurs de News2Com<\/p>\n<p>Et \u00e0 toutes nos enqu\u00eates pendant deux jours\u00a0\u00a0! <br \/>Oui, on est g\u00e9n\u00e9reux \ud83d\ude09 Mais pensez aussi \u00e0 <a href=\"https:\/\/www.mediacites.fr\/sabonner\/\" target=\"_blank\" style=\"color:#fff\" rel=\"noopener\">vous abonner<\/a>\u00a0\u00a0!<\/p>\n<p>\t\tEn renseignant votre adresse, vous acceptez nos <a href=\"https:\/\/www.mediacites.fr\/conditions-generales-d-utilisation\/\" target=\"_blank\" rel=\"noopener\">conditions g\u00e9n\u00e9rales d\u2019utilisation<\/a>. <br \/>Mediacit\u00e9s s\u2019engage \u00e0 ne pas c\u00e9der votre adresse \u00e0 des tiers. En cas d\u2019\u00e9chec, \u00e9crivez \u00e0 <a href=\"https:\/\/www.mediacites.fr\/breve\/lille\/2025\/11\/05\/municipales-2026-a-lomme-le-torchon-brule-entre-roger-vicot-et-olivier-caremelle\/mailto:contact@mediacites.fr\" target=\"_blank\" rel=\"noopener\">contact@mediacites.fr<\/a><\/p>\n<ul>\n<li>J\u2019acc\u00e8de aux 4 \u00e9ditions de Mediacit\u00e9s (Lille, Lyon, Nantes et Toulouse)<\/li>\n<li>Je d\u00e9couvre un m\u00e9dia 100 % ind\u00e9pendant, avec 0 % de publicit\u00e9<\/li>\n<\/ul>\n","protected":false},"excerpt":{"rendered":"Dans un post publi\u00e9 sur Facebook ce dimanche 2 novembre, le d\u00e9put\u00e9 socialiste Roger Vicot, d\u00e9sormais retir\u00e9 de&hellip;\n","protected":false},"author":2,"featured_media":513969,"comment_status":"","ping_status":"","sticky":false,"template":"","format":"standard","meta":{"footnotes":""},"categories":[2815],"tags":[1111,11,1777,674,1011,27,811,51816,1307,49775,12,25],"class_list":{"0":"post-513968","1":"post","2":"type-post","3":"status-publish","4":"format-standard","5":"has-post-thumbnail","7":"category-lille","8":"tag-actu","9":"tag-actualites","10":"tag-eu","11":"tag-europe","12":"tag-fr","13":"tag-france","14":"tag-hauts-de-france","15":"tag-loeil-de-mediacites","16":"tag-lille","17":"tag-municipales2026","18":"tag-news","19":"tag-republique-francaise"},"share_on_mastodon":{"url":"https:\/\/pubeurope.com\/@fr\/115498199598863949","error":""},"_links":{"self":[{"href":"https:\/\/www.europesays.com\/fr\/wp-json\/wp\/v2\/posts\/513968","targetHints":{"allow":["GET"]}}],"collection":[{"href":"https:\/\/www.europesays.com\/fr\/wp-json\/wp\/v2\/posts"}],"about":[{"href":"https:\/\/www.europesays.com\/fr\/wp-json\/wp\/v2\/types\/post"}],"author":[{"embeddable":true,"href":"https:\/\/www.europesays.com\/fr\/wp-json\/wp\/v2\/users\/2"}],"replies":[{"embeddable":true,"href":"https:\/\/www.europesays.com\/fr\/wp-json\/wp\/v2\/comments?post=513968"}],"version-history":[{"count":0,"href":"https:\/\/www.europesays.com\/fr\/wp-json\/wp\/v2\/posts\/513968\/revisions"}],"wp:featuredmedia":[{"embeddable":true,"href":"https:\/\/www.europesays.com\/fr\/wp-json\/wp\/v2\/media\/513969"}],"wp:attachment":[{"href":"https:\/\/www.europesays.com\/fr\/wp-json\/wp\/v2\/media?parent=513968"}],"wp:term":[{"taxonomy":"category","embeddable":true,"href":"https:\/\/www.europesays.com\/fr\/wp-json\/wp\/v2\/categories?post=513968"},{"taxonomy":"post_tag","embeddable":true,"href":"https:\/\/www.europesays.com\/fr\/wp-json\/wp\/v2\/tags?post=513968"}],"curies":[{"name":"wp","href":"https:\/\/api.w.org\/{rel}","templated":true}]}}