{"id":513972,"date":"2025-11-05T17:11:12","date_gmt":"2025-11-05T17:11:12","guid":{"rendered":"https:\/\/www.europesays.com\/fr\/513972\/"},"modified":"2025-11-05T17:11:12","modified_gmt":"2025-11-05T17:11:12","slug":"face-a-des-cambrioleurs-des-riverains-font-justice-eux-memes-a-marseille","status":"publish","type":"post","link":"https:\/\/www.europesays.com\/fr\/513972\/","title":{"rendered":"Face \u00e0 des cambrioleurs, des riverains font justice eux-m\u00eames \u00e0 Marseille"},"content":{"rendered":"<p>C\u2019est une affaire \u00e0 tiroirs qui a occup\u00e9 les <a href=\"https:\/\/www.laprovence.com\/article\/faits-divers-justice\/34457017574390\/marin-pompier-agresse-a-vitrolles-les-quatre-suspects-presentes-a-un-juge-dinstruction\" target=\"_blank\" rel=\"noopener\">policiers<\/a> de la division Sud mardi soir, dans le 11e arrondissement de Marseille. Il est 20h25 ce 4\u00a0novembre, lorsque des riverains appellent le commissariat pour signaler que quatre individus ont \u00e9t\u00e9 vus p\u00e9n\u00e9trant dans les jardins de plusieurs particuliers.<\/p>\n<p>Tandis qu\u2019un \u00e9quipage de la compagnie d\u00e9partementale d\u2019intervention (CDI) file vers le boulevard des <a href=\"https:\/\/www.laprovence.com\/article\/edition-ailleurs\/3545662\/les-rues-de-la-liberte.html\" target=\"_blank\" rel=\"noopener\">Lib\u00e9rateurs<\/a> o\u00f9 viennent de se produire les faits, les riverains ne restent pas les bras ballants.<\/p>\n<p>Voyant que les quatre malfrats tentent de quitter les lieux \u00e0 bord d\u2019une camionnette et d\u00e9termin\u00e9s \u00e0 emp\u00eacher leur fuite, les voisins s\u2019interposent et bloquent le v\u00e9hicule en attendant les services de police.<\/p>\n<p>5 hommes en garde \u00e0 vue<\/p>\n<p>Une entreprise courageuse mais risqu\u00e9e, qui aurait fait perdre son sang-froid \u00e0 l\u2019un de ces justiciers improvis\u00e9s. Ce riverain aurait en effet port\u00e9 un <a href=\"https:\/\/www.laprovence.com\/article\/faits-divers-justice\/1088756783453715\/agressions-au-couteau-en-serie-a-marseille-et-arles-pendant-ce-week-end-de-la-toussaint\" target=\"_blank\" rel=\"noopener\">coup de couteau<\/a> \u00e0 l\u2019un des individus qui avait saut\u00e9 par-dessus le muret de son jardin quelques minutes plus t\u00f4t. Bless\u00e9, il a \u00e9t\u00e9 transport\u00e9 \u00e0 l\u2019h\u00f4pital par les marins-pompiers.<\/p>\n<p>Au final, les quatre auteurs pr\u00e9sum\u00e9s des tentatives de cambriolage ont \u00e9t\u00e9 interpell\u00e9s, mais \u00e9galement l\u2019auteur du coup de couteau.<\/p>\n<p>Les premiers, des <a href=\"https:\/\/www.laprovence.com\/article\/france-monde\/123608892938715\/en-roumanie-lotan-exhibe-sa-solidarite-strategique-face-a-la-russie\" target=\"_blank\" rel=\"noopener\">Roumains<\/a> \u00e2g\u00e9s de 15 \u00e0 20\u00a0ans ont \u00e9t\u00e9 plac\u00e9s en garde \u00e0 vue pour tentative de <a href=\"https:\/\/www.laprovence.com\/article\/faits-divers-justice\/1262348740237615\/istres-4-adolescents-jouent-les-spiderman-pour-cambrioler-l-ancien-hotel-de-ville\" target=\"_blank\" rel=\"noopener\">vol par escalade<\/a> en r\u00e9union. Quant au riverain, un homme \u00e2g\u00e9 de 25\u00a0ans, il a lui aussi \u00e9t\u00e9 interpell\u00e9 et plac\u00e9 en garde \u00e0 vue pour violences avec arme.<\/p>\n<p>Deux de ses voisins ont par ailleurs d\u00e9pos\u00e9 plainte pour tentative de cambriolage.<\/p>\n","protected":false},"excerpt":{"rendered":"C\u2019est une affaire \u00e0 tiroirs qui a occup\u00e9 les policiers de la division Sud mardi soir, dans le&hellip;\n","protected":false},"author":2,"featured_media":513973,"comment_status":"","ping_status":"","sticky":false,"template":"","format":"standard","meta":{"footnotes":""},"categories":[2814],"tags":[17,1111,11,1102,63462,154,1777,674,2823,274,7234,1011,27,303,884,12,882,25,6355],"class_list":{"0":"post-513972","1":"post","2":"type-post","3":"status-publish","4":"format-standard","5":"has-post-thumbnail","7":"category-marseille","8":"tag-17","9":"tag-actu","10":"tag-actualites","11":"tag-breakingnews","12":"tag-cambrioleurs","13":"tag-des","14":"tag-eu","15":"tag-europe","16":"tag-face","17":"tag-faits-divers-justice","18":"tag-font","19":"tag-fr","20":"tag-france","21":"tag-justice","22":"tag-marseille","23":"tag-news","24":"tag-provence-alpes-cote-dazur","25":"tag-republique-francaise","26":"tag-riverains"},"share_on_mastodon":{"url":"https:\/\/pubeurope.com\/@fr\/115498207475157299","error":""},"_links":{"self":[{"href":"https:\/\/www.europesays.com\/fr\/wp-json\/wp\/v2\/posts\/513972","targetHints":{"allow":["GET"]}}],"collection":[{"href":"https:\/\/www.europesays.com\/fr\/wp-json\/wp\/v2\/posts"}],"about":[{"href":"https:\/\/www.europesays.com\/fr\/wp-json\/wp\/v2\/types\/post"}],"author":[{"embeddable":true,"href":"https:\/\/www.europesays.com\/fr\/wp-json\/wp\/v2\/users\/2"}],"replies":[{"embeddable":true,"href":"https:\/\/www.europesays.com\/fr\/wp-json\/wp\/v2\/comments?post=513972"}],"version-history":[{"count":0,"href":"https:\/\/www.europesays.com\/fr\/wp-json\/wp\/v2\/posts\/513972\/revisions"}],"wp:featuredmedia":[{"embeddable":true,"href":"https:\/\/www.europesays.com\/fr\/wp-json\/wp\/v2\/media\/513973"}],"wp:attachment":[{"href":"https:\/\/www.europesays.com\/fr\/wp-json\/wp\/v2\/media?parent=513972"}],"wp:term":[{"taxonomy":"category","embeddable":true,"href":"https:\/\/www.europesays.com\/fr\/wp-json\/wp\/v2\/categories?post=513972"},{"taxonomy":"post_tag","embeddable":true,"href":"https:\/\/www.europesays.com\/fr\/wp-json\/wp\/v2\/tags?post=513972"}],"curies":[{"name":"wp","href":"https:\/\/api.w.org\/{rel}","templated":true}]}}