{"id":513976,"date":"2025-11-05T17:13:09","date_gmt":"2025-11-05T17:13:09","guid":{"rendered":"https:\/\/www.europesays.com\/fr\/513976\/"},"modified":"2025-11-05T17:13:09","modified_gmt":"2025-11-05T17:13:09","slug":"lyon-la-conductrice-naurait-jamais-du-faire-cet-achat-la-sanction-de-la-police-tombe","status":"publish","type":"post","link":"https:\/\/www.europesays.com\/fr\/513976\/","title":{"rendered":"Lyon. La conductrice n&rsquo;aurait jamais d\u00fb faire cet achat, la sanction de la police tombe"},"content":{"rendered":"<p>            Par<br \/>\n        <strong><br \/>\n            <a href=\"https:\/\/actu.fr\/auteur\/julien-damboise\" title=\"Consulter tous les articles de Julien Damboise\" target=\"_blank\" rel=\"noopener\">Julien Damboise<\/a><br \/>\n        <\/strong><\/p>\n<p>        Publi\u00e9 le<\/p>\n<p>            5 nov. 2025 \u00e0 17h52        <\/p>\n<p><strong>INFO ACTU LYON.<\/strong> Une<strong> dangereuse conductrice<\/strong> a \u00e9t\u00e9 stopp\u00e9e ce mardi 4 novembre 2025 \u00e0 <a href=\"https:\/\/actu.fr\/lyon\/\" target=\"_blank\" rel=\"noopener\">Lyon<\/a>. Sans <a href=\"https:\/\/actu.fr\/tag\/permis-de-conduire\" target=\"_blank\" rel=\"noopener\">permis de conduire<\/a>, la mise en cause est all\u00e9e acheter de la drogue dans le quartier de <a href=\"https:\/\/actu.fr\/tag\/guillotiere\" target=\"_blank\" rel=\"noopener\">Guilloti\u00e8re<\/a>. Mais la <strong>police veillait au grain<\/strong>. Voici ce qu\u2019il s\u2019est pass\u00e9.<\/p>\n<p>Une suspicion des policiers<\/p>\n<p class=\" wall-content\">Dans la soir\u00e9e, le contr\u00f4le d\u2019une voiture a \u00e9t\u00e9 d\u00e9clench\u00e9 par un \u00e9quipage de police en raison d\u2019une suspicion de <strong>transaction de stup\u00e9fiants<\/strong> dans le secteur de la Guilloti\u00e8re, dans le 7e arrondissement de Lyon.<\/p>\n<p class=\" wall-content\">Au volant, rue S\u00e9bastien-Gryphe, une femme majeure qui n\u2019\u00e9tait pas d\u00e9favorablement connue des services de police a \u00e9t\u00e9 stopp\u00e9e par les forces de l\u2019ordre.<\/p>\n<p>Sans permis, mais charg\u00e9e de drogues<\/p>\n<p class=\" wall-content\">La conductrice n\u2019aurait jamais d\u00fb prendre le volant puisque cette derni\u00e8re n\u2019est <strong>pas titulaire du permis<\/strong> de conduire.<\/p>\n<p class=\" wall-content\">D\u2019autant que les policiers avaient vu juste, la mise en cause avait en sa possession diff\u00e9rents produits stup\u00e9fiants : du <strong>cannabis<\/strong> sous forme de r\u00e9sine et d\u2019herbe, ainsi que la <strong>coca\u00efne<\/strong>.<\/p>\n<p class=\" wall-content\">La femme a termin\u00e9 sa soir\u00e9e avec une<strong> interpellation<\/strong> puis un placement en garde \u00e0 vue. Une enqu\u00eate a \u00e9t\u00e9 ouverte.<\/p>\n<p class=\" wall-content\">Personnalisez votre actualit\u00e9 en ajoutant vos villes et m\u00e9dias en favori avec <a href=\"https:\/\/moncompte.actu.fr\" title=\"D\u00e9couvez Mon Actu\" rel=\"nofollow noopener\" data-trk=\"{&quot;cta&quot;:{&quot;action&quot;:&quot;https:\\\/\\\/moncompte.actu.fr&quot;,&quot;category&quot;:&quot;mon compte&quot;,&quot;from&quot;:&quot;article footer&quot;,&quot;name&quot;:&quot;Mon actu&quot;,&quot;type&quot;:&quot;cta&quot;}}\" target=\"_blank\">Mon Actu<\/a>.<\/p>\n","protected":false},"excerpt":{"rendered":"Par Julien Damboise Publi\u00e9 le 5 nov. 2025 \u00e0 17h52 INFO ACTU LYON. Une dangereuse conductrice a \u00e9t\u00e9&hellip;\n","protected":false},"author":2,"featured_media":513977,"comment_status":"","ping_status":"","sticky":false,"template":"","format":"standard","meta":{"footnotes":""},"categories":[1889],"tags":[1111,11,2430,1777,674,118,1011,27,23173,2428,12,5007,1072,25],"class_list":{"0":"post-513976","1":"post","2":"type-post","3":"status-publish","4":"format-standard","5":"has-post-thumbnail","7":"category-lyon","8":"tag-actu","9":"tag-actualites","10":"tag-auvergne-rhone-alpes","11":"tag-eu","12":"tag-europe","13":"tag-faits-divers","14":"tag-fr","15":"tag-france","16":"tag-guillotiere","17":"tag-lyon","18":"tag-news","19":"tag-permis-de-conduire","20":"tag-police","21":"tag-republique-francaise"},"share_on_mastodon":{"url":"https:\/\/pubeurope.com\/@fr\/115498215419878249","error":""},"_links":{"self":[{"href":"https:\/\/www.europesays.com\/fr\/wp-json\/wp\/v2\/posts\/513976","targetHints":{"allow":["GET"]}}],"collection":[{"href":"https:\/\/www.europesays.com\/fr\/wp-json\/wp\/v2\/posts"}],"about":[{"href":"https:\/\/www.europesays.com\/fr\/wp-json\/wp\/v2\/types\/post"}],"author":[{"embeddable":true,"href":"https:\/\/www.europesays.com\/fr\/wp-json\/wp\/v2\/users\/2"}],"replies":[{"embeddable":true,"href":"https:\/\/www.europesays.com\/fr\/wp-json\/wp\/v2\/comments?post=513976"}],"version-history":[{"count":0,"href":"https:\/\/www.europesays.com\/fr\/wp-json\/wp\/v2\/posts\/513976\/revisions"}],"wp:featuredmedia":[{"embeddable":true,"href":"https:\/\/www.europesays.com\/fr\/wp-json\/wp\/v2\/media\/513977"}],"wp:attachment":[{"href":"https:\/\/www.europesays.com\/fr\/wp-json\/wp\/v2\/media?parent=513976"}],"wp:term":[{"taxonomy":"category","embeddable":true,"href":"https:\/\/www.europesays.com\/fr\/wp-json\/wp\/v2\/categories?post=513976"},{"taxonomy":"post_tag","embeddable":true,"href":"https:\/\/www.europesays.com\/fr\/wp-json\/wp\/v2\/tags?post=513976"}],"curies":[{"name":"wp","href":"https:\/\/api.w.org\/{rel}","templated":true}]}}