{"id":513978,"date":"2025-11-05T17:14:13","date_gmt":"2025-11-05T17:14:13","guid":{"rendered":"https:\/\/www.europesays.com\/fr\/513978\/"},"modified":"2025-11-05T17:14:13","modified_gmt":"2025-11-05T17:14:13","slug":"ces-rappeurs-tres-ecoutes-annoncent-plusieurs-grands-concerts-a-lyon","status":"publish","type":"post","link":"https:\/\/www.europesays.com\/fr\/513978\/","title":{"rendered":"ces rappeurs tr\u00e8s \u00e9cout\u00e9s annoncent plusieurs grands concerts \u00e0 Lyon"},"content":{"rendered":"<p>            Par<br \/>\n        <strong><br \/>\n            <a href=\"https:\/\/actu.fr\/auteur\/ludivine-caporal\" title=\"Consulter tous les articles de Ludivine Caporal\" target=\"_blank\" rel=\"noopener\">Ludivine Caporal<\/a><br \/>\n        <\/strong><\/p>\n<p>        Publi\u00e9 le<\/p>\n<p>            5 nov. 2025 \u00e0 17h37        <\/p>\n<p>Les fans de rap ont de quoi se r\u00e9jouir. En 2026, la <a href=\"https:\/\/actu.fr\/tag\/ldlc-arena\" target=\"_blank\" rel=\"noopener\">LDLC Arena<\/a> de Lyon-D\u00e9cines accueillera en effet deux grands artistes du genre musical, qui cumulent chacun des millions d\u2019\u00e9coutes mensuelles sur les plateformes : <strong>Damso et PLK.<\/strong><\/p>\n<p>Deux concerts cons\u00e9cutifs de Damso<\/p>\n<p class=\" wall-content\">Le rappeur belge sera le premier \u00e0 monter sur la sc\u00e8ne lyonnaise \u00e0 l\u2019occasion de deux concerts cons\u00e9cutifs, <strong>les 20 et 21 mai 2026<\/strong>, pour sa tourn\u00e9e du m\u00eame nom que son dernier album sorti en 2025 : \u00ab\u00a0B\u0112Y\u0100H\u00a0\u00bb.\u00a0<\/p>\n<p class=\" wall-content\">Damso, qui est d\u00e9j\u00e0 pass\u00e9 par la <a href=\"https:\/\/actu.fr\/tag\/halle-tony-garnier\" target=\"_blank\" rel=\"noopener\">Halle Tony Garnier<\/a> ou le <a href=\"https:\/\/actu.fr\/auvergne-rhone-alpes\/lyon_69123\/le-festival-woodstower-va-debarquer-en-plein-lyon-voici-le-lieu-et-les-dates_62119900.html\" target=\"_blank\" rel=\"noopener\">festival Woodstower<\/a>, a connu le succ\u00e8s en 2017 avec son album \u00ab\u00a0Ips\u00e9it\u00e9\u00a0\u00bb. Depuis, il est l\u2019un des rappeurs les plus \u00e9cout\u00e9s de l\u2019Hexagone.<\/p>\n<p class=\" wall-content\"><a href=\"https:\/\/www.instagram.com\/p\/DQpH_pmjF9V\/embed\" title=\"Ouvrir le lien sur Instagram\" target=\"_blank\" rel=\"noopener\">Visualiser le contenu sur Instagram<\/a><\/p>\n<p class=\" wall-content\">La billetterie pour ses deux concerts ouvrira officiellement le vendredi 7 novembre \u00e0 12h. La pr\u00e9vente, elle, aura lieu ce jeudi 6 novembre \u00e0 12h \u00e9galement.<\/p>\n<p>Billetterie d\u00e9j\u00e0 ouverte et disponible pour PLK<\/p>\n<p class=\" wall-content\">Le 20 novembre 2026, ce sera au tour de PLK d\u2019enflammer la LDLC Arena. Le jeune rappeur de 28 ans, qui aura r\u00e9alis\u00e9 l\u2019exploit de remplir l\u2019immense <a href=\"https:\/\/actu.fr\/tag\/stade-de-france\" target=\"_blank\" rel=\"noopener\">Stade de France<\/a>\u00a0deux mois avant \u00e0 Paris, passera donc par <a href=\"https:\/\/actu.fr\/auvergne-rhone-alpes\/lyon_69123\" target=\"_blank\" rel=\"noopener\">Lyon<\/a> pour une seule et unique date.\u00a0<\/p>\n<p class=\" wall-content\"><a href=\"https:\/\/www.instagram.com\/p\/DQblhLKCsN9\/embed\" title=\"Ouvrir le lien sur Instagram\" target=\"_blank\" rel=\"noopener\">Visualiser le contenu sur Instagram<\/a><\/p>\n<p class=\" wall-content\">La billetterie, d\u00e9j\u00e0 en ligne, comprend des cat\u00e9gories \u00e9puis\u00e9es telles que la \u00ab\u00a0fosse\u00a0\u00bb et la \u00ab\u00a0early entrance\u00a0\u00bb. Mais pas de panique : il reste des places allant de 46,50 \u20ac \u00e0 73,50 \u20ac.<\/p>\n<p class=\" wall-content\">Personnalisez votre actualit\u00e9 en ajoutant vos villes et m\u00e9dias en favori avec <a href=\"https:\/\/moncompte.actu.fr\" title=\"D\u00e9couvez Mon Actu\" rel=\"nofollow noopener\" data-trk=\"{&quot;cta&quot;:{&quot;action&quot;:&quot;https:\\\/\\\/moncompte.actu.fr&quot;,&quot;category&quot;:&quot;mon compte&quot;,&quot;from&quot;:&quot;article footer&quot;,&quot;name&quot;:&quot;Mon actu&quot;,&quot;type&quot;:&quot;cta&quot;}}\" target=\"_blank\">Mon Actu<\/a>.<\/p>\n<p>                    <script async src=\"\/\/www.instagram.com\/embed.js\"><\/script><\/p>\n","protected":false},"excerpt":{"rendered":"Par Ludivine Caporal Publi\u00e9 le 5 nov. 2025 \u00e0 17h37 Les fans de rap ont de quoi se&hellip;\n","protected":false},"author":2,"featured_media":513979,"comment_status":"","ping_status":"","sticky":false,"template":"","format":"standard","meta":{"footnotes":""},"categories":[1889],"tags":[1111,11,2430,1697,1777,674,1011,27,7602,1652,2428,12,25],"class_list":{"0":"post-513978","1":"post","2":"type-post","3":"status-publish","4":"format-standard","5":"has-post-thumbnail","7":"category-lyon","8":"tag-actu","9":"tag-actualites","10":"tag-auvergne-rhone-alpes","11":"tag-concert","12":"tag-eu","13":"tag-europe","14":"tag-fr","15":"tag-france","16":"tag-ldlc-arena","17":"tag-loisirs-culture","18":"tag-lyon","19":"tag-news","20":"tag-republique-francaise"},"share_on_mastodon":{"url":"https:\/\/pubeurope.com\/@fr\/115498219163796037","error":""},"_links":{"self":[{"href":"https:\/\/www.europesays.com\/fr\/wp-json\/wp\/v2\/posts\/513978","targetHints":{"allow":["GET"]}}],"collection":[{"href":"https:\/\/www.europesays.com\/fr\/wp-json\/wp\/v2\/posts"}],"about":[{"href":"https:\/\/www.europesays.com\/fr\/wp-json\/wp\/v2\/types\/post"}],"author":[{"embeddable":true,"href":"https:\/\/www.europesays.com\/fr\/wp-json\/wp\/v2\/users\/2"}],"replies":[{"embeddable":true,"href":"https:\/\/www.europesays.com\/fr\/wp-json\/wp\/v2\/comments?post=513978"}],"version-history":[{"count":0,"href":"https:\/\/www.europesays.com\/fr\/wp-json\/wp\/v2\/posts\/513978\/revisions"}],"wp:featuredmedia":[{"embeddable":true,"href":"https:\/\/www.europesays.com\/fr\/wp-json\/wp\/v2\/media\/513979"}],"wp:attachment":[{"href":"https:\/\/www.europesays.com\/fr\/wp-json\/wp\/v2\/media?parent=513978"}],"wp:term":[{"taxonomy":"category","embeddable":true,"href":"https:\/\/www.europesays.com\/fr\/wp-json\/wp\/v2\/categories?post=513978"},{"taxonomy":"post_tag","embeddable":true,"href":"https:\/\/www.europesays.com\/fr\/wp-json\/wp\/v2\/tags?post=513978"}],"curies":[{"name":"wp","href":"https:\/\/api.w.org\/{rel}","templated":true}]}}