{"id":513990,"date":"2025-11-05T17:21:16","date_gmt":"2025-11-05T17:21:16","guid":{"rendered":"https:\/\/www.europesays.com\/fr\/513990\/"},"modified":"2025-11-05T17:21:16","modified_gmt":"2025-11-05T17:21:16","slug":"le-train-transportant-du-ble-de-russie-vers-larmenie-traverse-actuellement-le-territoire-azerbaidjanais-en-direction-de-la-georgie-affirme-mher-grigoryan","status":"publish","type":"post","link":"https:\/\/www.europesays.com\/fr\/513990\/","title":{"rendered":"Le train transportant du bl\u00e9 de Russie vers l&rsquo;Arm\u00e9nie traverse actuellement le territoire azerba\u00efdjanais, en direction de la G\u00e9orgie affirme Mh\u00e9r Grigoryan"},"content":{"rendered":"<p>\u00ab Actuellement, le train transportant du bl\u00e9 de Russie vers l\u2019Arm\u00e9nie traverse d\u00e9j\u00e0 le territoire azerba\u00efdjanais, en direction de la G\u00e9orgie. Ce train arrivera bient\u00f4t en Arm\u00e9nie.\u00bb<\/p>\n<p>C\u2019est ce qu\u2019a annonc\u00e9 le vice-Premier ministre arm\u00e9nien, Mh\u00e9r Grigoryan, en r\u00e9ponse \u00e0 une question d\u2019Armenpress. Il a ajout\u00e9 que cet \u00e9v\u00e9nement rev\u00eat une grande importance pour \u00ab le renforcement de la confiance mutuelle et la promotion du processus de paix \u00bb.<\/p>\n<p>Rappelons que, selon les m\u00e9dias azerba\u00efdjanais, toutes les restrictions en vigueur sur le transit de marchandises vers l\u2019Arm\u00e9nie ont \u00e9t\u00e9 lev\u00e9es et que le train charg\u00e9 de bl\u00e9 a pu \u00eatre achemin\u00e9 vers l\u2019Arm\u00e9nie en passant par le territoire azerba\u00efdjanais.<\/p>\n<p>\u00a0<\/p>\n<p>Krikor Amirzayan<\/p>\n","protected":false},"excerpt":{"rendered":"\u00ab Actuellement, le train transportant du bl\u00e9 de Russie vers l\u2019Arm\u00e9nie traverse d\u00e9j\u00e0 le territoire azerba\u00efdjanais, en direction&hellip;\n","protected":false},"author":2,"featured_media":513991,"comment_status":"","ping_status":"","sticky":false,"template":"","format":"standard","meta":{"footnotes":""},"categories":[1591],"tags":[11,5950,15149,33,1887,12337,12,1885,1886,132],"class_list":{"0":"post-513990","1":"post","2":"type-post","3":"status-publish","4":"format-standard","5":"has-post-thumbnail","7":"category-russie","8":"tag-actualites","9":"tag-armenie","10":"tag-azerbaidjan","11":"tag-economie","12":"tag-federation-de-russie","13":"tag-georgie","14":"tag-news","15":"tag-russia","16":"tag-russian-federation","17":"tag-russie"},"share_on_mastodon":{"url":"https:\/\/pubeurope.com\/@fr\/115498246771442912","error":""},"_links":{"self":[{"href":"https:\/\/www.europesays.com\/fr\/wp-json\/wp\/v2\/posts\/513990","targetHints":{"allow":["GET"]}}],"collection":[{"href":"https:\/\/www.europesays.com\/fr\/wp-json\/wp\/v2\/posts"}],"about":[{"href":"https:\/\/www.europesays.com\/fr\/wp-json\/wp\/v2\/types\/post"}],"author":[{"embeddable":true,"href":"https:\/\/www.europesays.com\/fr\/wp-json\/wp\/v2\/users\/2"}],"replies":[{"embeddable":true,"href":"https:\/\/www.europesays.com\/fr\/wp-json\/wp\/v2\/comments?post=513990"}],"version-history":[{"count":0,"href":"https:\/\/www.europesays.com\/fr\/wp-json\/wp\/v2\/posts\/513990\/revisions"}],"wp:featuredmedia":[{"embeddable":true,"href":"https:\/\/www.europesays.com\/fr\/wp-json\/wp\/v2\/media\/513991"}],"wp:attachment":[{"href":"https:\/\/www.europesays.com\/fr\/wp-json\/wp\/v2\/media?parent=513990"}],"wp:term":[{"taxonomy":"category","embeddable":true,"href":"https:\/\/www.europesays.com\/fr\/wp-json\/wp\/v2\/categories?post=513990"},{"taxonomy":"post_tag","embeddable":true,"href":"https:\/\/www.europesays.com\/fr\/wp-json\/wp\/v2\/tags?post=513990"}],"curies":[{"name":"wp","href":"https:\/\/api.w.org\/{rel}","templated":true}]}}