{"id":513997,"date":"2025-11-05T17:25:19","date_gmt":"2025-11-05T17:25:19","guid":{"rendered":"https:\/\/www.europesays.com\/fr\/513997\/"},"modified":"2025-11-05T17:25:19","modified_gmt":"2025-11-05T17:25:19","slug":"algerie-argentine-italie-espagne-allemagne-adidas-devoile-les-maillots-de-la-coupe-du-monde","status":"publish","type":"post","link":"https:\/\/www.europesays.com\/fr\/513997\/","title":{"rendered":"Alg\u00e9rie, Argentine, Italie, Espagne, Allemagne&#8230; adidas d\u00e9voile les maillots de la Coupe du Monde !"},"content":{"rendered":"<p>La prochaine Coupe du Monde ne se jouera pas seulement sur les pelouses mais aussi en tribunes. Pour 2026, l\u2019\u00e9quipementier <a href=\"https:\/\/www.adidas.fr\/football-federations\" target=\"_blank\" rel=\"noopener\">adidas<\/a> s\u2019appr\u00eate \u00e0 marquer les esprits en habillant pas moins de 22 s\u00e9lections engag\u00e9es dans la course au Mondial organis\u00e9 au Canada, au Mexique et aux \u00c9tats-Unis. Un joli d\u00e9fi !<\/p>\n<p>Plut\u00f4t que d\u2019imposer une ligne uniforme, <a href=\"https:\/\/www.adidas.fr\/football-federations\" target=\"_blank\" rel=\"noopener\">adidas<\/a> a choisi de puiser dans l\u2019identit\u00e9 de chaque pays : histoires de football, embl\u00e8mes nationaux, paysages et traditions. Le r\u00e9sultat, des maillots qui racontent une histoire, parfois de fa\u00e7on discr\u00e8te, presque cach\u00e9e, comme ces d\u00e9tails que les fans se plaisent \u00e0 d\u00e9couvrir avec le temps.<\/p>\n<p><img loading=\"lazy\" decoding=\"async\" class=\"size-medium wp-image-57826\" src=\"https:\/\/www.europesays.com\/fr\/wp-content\/uploads\/2025\/11\/Capture-decran-2025-11-05-a-16.33.12-800x421.png\" alt=\"\" width=\"800\" height=\"421\"\/> Les maillots de la Coupe du Monde &#8211; Onze Mondial<\/p>\n<p>Des maillots impactants<\/p>\n<p>L\u2019Argentine affiche ainsi un d\u00e9grad\u00e9 de bleu en r\u00e9f\u00e9rence \u00e0 ses trois titres mondiaux (1978, 1986, 2022), l\u2019Italie fait briller l\u2019inscription \u201cAzzurra\u201d au dos du col, tandis que le Japon \u00e9voque la brume marine avec un motif graphique subtil. L\u2019Espagne, elle, revient \u00e0 l\u2019essentiel : rouge, jaune.<\/p>\n<p>Mais derri\u00e8re le style, il y a aussi le terrain. Et dans les stades nord-am\u00e9ricains, la chaleur promet d\u2019\u00eatre un adversaire suppl\u00e9mentaire. Pour y r\u00e9pondre, adidas d\u00e9ploie sa technologie CLIMACOOL+, avec tissus respirants, bandes perfor\u00e9es et inserts en mailles pour \u00e9vacuer plus vite la transpiration en restant\u00a0 frais.<\/p>\n<p>Les nouveaux maillots domicile sont disponibles <a href=\"https:\/\/www.adidas.fr\/football-federations\" target=\"_blank\" rel=\"noopener\">d\u00e8s maintenant en boutiques et en ligne<\/a>.<\/p>\n<blockquote class=\"instagram-media\" style=\"background: #FFF;border: 0;border-radius: 3px;margin: 1px;max-width: 540px;min-width: 326px;padding: 0;width: calc(100% - 2px)\" data-instgrm-captioned=\"\" data-instgrm-permalink=\"https:\/\/www.instagram.com\/reel\/DQrdaUlgZHK\/?utm_source=ig_embed&amp;utm_campaign=loading\" data-instgrm-version=\"14\"\/><p>   Partagez cette info avec vos amis et vos proches en cliquant ici<br \/> Pour r\u00e9sumer<\/p>\n<p>Pour la Coupe du Monde 2026, adidas habillera 22 s\u00e9lections avec des maillots inspir\u00e9s de leur identit\u00e9 (histoire, embl\u00e8mes, paysages). Chaque design raconte une histoire, comme l\u2019Argentine et ses trois titres ou le Japon et sa brume marine. La technologie CLIMACOOL+ optimise le confort face \u00e0 la chaleur nord-am\u00e9ricaine.<\/p>\n<p>R\u00e9dacteur<\/p>\n<p><img decoding=\"async\" width=\"76\" height=\"76\" loading=\"lazy\" src=\"https:\/\/www.europesays.com\/fr\/wp-content\/uploads\/2025\/04\/logo-antoine-chirat.jpg\" alt=\"Antoine Chirat\"\/><script async src=\"\/\/www.instagram.com\/embed.js\"><\/script><\/p>\n","protected":false},"excerpt":{"rendered":"La prochaine Coupe du Monde ne se jouera pas seulement sur les pelouses mais aussi en tribunes. Pour&hellip;\n","protected":false},"author":2,"featured_media":513998,"comment_status":"","ping_status":"","sticky":false,"template":"","format":"standard","meta":{"footnotes":""},"categories":[1587],"tags":[11,672,1804,451,1805,1803,1777,674,1801,12,1802],"class_list":{"0":"post-513997","1":"post","2":"type-post","3":"status-publish","4":"format-standard","5":"has-post-thumbnail","7":"category-allemagne","8":"tag-actualites","9":"tag-allemagne","10":"tag-bundesrepublik-deutschland","11":"tag-coupe-du-monde","12":"tag-de","13":"tag-deutschland","14":"tag-eu","15":"tag-europe","16":"tag-germany","17":"tag-news","18":"tag-republique-federale-dallemagne"},"share_on_mastodon":{"url":"https:\/\/pubeurope.com\/@fr\/115498263349242589","error":""},"_links":{"self":[{"href":"https:\/\/www.europesays.com\/fr\/wp-json\/wp\/v2\/posts\/513997","targetHints":{"allow":["GET"]}}],"collection":[{"href":"https:\/\/www.europesays.com\/fr\/wp-json\/wp\/v2\/posts"}],"about":[{"href":"https:\/\/www.europesays.com\/fr\/wp-json\/wp\/v2\/types\/post"}],"author":[{"embeddable":true,"href":"https:\/\/www.europesays.com\/fr\/wp-json\/wp\/v2\/users\/2"}],"replies":[{"embeddable":true,"href":"https:\/\/www.europesays.com\/fr\/wp-json\/wp\/v2\/comments?post=513997"}],"version-history":[{"count":0,"href":"https:\/\/www.europesays.com\/fr\/wp-json\/wp\/v2\/posts\/513997\/revisions"}],"wp:featuredmedia":[{"embeddable":true,"href":"https:\/\/www.europesays.com\/fr\/wp-json\/wp\/v2\/media\/513998"}],"wp:attachment":[{"href":"https:\/\/www.europesays.com\/fr\/wp-json\/wp\/v2\/media?parent=513997"}],"wp:term":[{"taxonomy":"category","embeddable":true,"href":"https:\/\/www.europesays.com\/fr\/wp-json\/wp\/v2\/categories?post=513997"},{"taxonomy":"post_tag","embeddable":true,"href":"https:\/\/www.europesays.com\/fr\/wp-json\/wp\/v2\/tags?post=513997"}],"curies":[{"name":"wp","href":"https:\/\/api.w.org\/{rel}","templated":true}]}}