{"id":514032,"date":"2025-11-05T17:51:23","date_gmt":"2025-11-05T17:51:23","guid":{"rendered":"https:\/\/www.europesays.com\/fr\/514032\/"},"modified":"2025-11-05T17:51:23","modified_gmt":"2025-11-05T17:51:23","slug":"a-la-veille-de-la-cop30-lunion-europeenne-saccorde-in-extremis-sur-ses-objectifs-climatiques","status":"publish","type":"post","link":"https:\/\/www.europesays.com\/fr\/514032\/","title":{"rendered":"\u00c0 la veille de la COP30, l&rsquo;Union europ\u00e9enne s\u2019accorde in extremis sur ses objectifs climatiques"},"content":{"rendered":"<p>\n    Face au changement climatique, l\u2019UE revoit ses objectifs de d\u00e9carbonation pour 2040, au prix de tr\u00e8s longues tractations.<\/p>\n<p class=\"fig-paragraph\">En 2022, il avait fallu dix-sept heures aux ministres europ\u00e9ens pour s\u2019accorder sur le paquet \u00ab\u00a0Fit for 55\u00a0\u00bb, qui consacrait la neutralit\u00e9 carbone de l\u2019Union europ\u00e9enne pour 2050. Trois ans plus tard, m\u00eame sc\u00e9nario, m\u00eame marathon de n\u00e9gociations et m\u00eames fractures sur les objectifs climatiques de l\u2019UE. Au prix d\u2019une nuit enti\u00e8re de d\u00e9bats et de nombreux ajustements, les Vingt-Sept se font finalement mis d\u2019accord, mercredi au petit matin\u00a0:\u00a0<a href=\"http:\/\/www.lefigaro.fr\/sciences\/climat-l-ue-met-enfin-son-objectif-2040-sur-la-table-20250702\" target=\"_blank\" data-fig-type=\"NewsFlash\" rel=\"noopener\" data-gtm-custom-categorie=\"navigation\" data-gtm-custom-action=\"crossclick\" data-gtm-custom-label=\"Contextuel\" data-gtm-event=\"customEventSPE\" data-fig-domain=\"LEFIGARO\">l\u2019Union s\u2019engage formellement \u00e0 r\u00e9duire de 90 % ses \u00e9missions de gaz \u00e0 effet de serre d\u2019ici \u00e0 2040<\/a>\u00a0(par rapport aux niveaux de 1990), avec plusieurs flexibilit\u00e9s et malgr\u00e9 la pression de certains \u00c9tats membres appelant \u00e0 assouplir un cadre jug\u00e9 \u00ab\u00a0trop contraignant\u00a0\u00bb.<\/p>\n<p class=\"fig-paragraph\">L\u2019Union jouait l\u00e0 sa cr\u00e9dibilit\u00e9 comme \u00ab\u00a0championne climatique\u00a0\u00bb. Pour pouvoir atteindre ses objectifs de neutralit\u00e9 carbone, elle devait int\u00e9grer d\u00e8s aujourd\u2019hui cette baisse de 90\u00a0%, issue de recommandations scientifiques, dans son cadre l\u00e9gislatif, son \u00ab\u00a0pacte vert\u00a0\u00bb<\/p>\n<p class=\"fig-premium-paywall__infos\">\n        Cet article est r\u00e9serv\u00e9 aux abonn\u00e9s.        Il vous reste 81% \u00e0 d\u00e9couvrir.\n    <\/p>\n<p>                <img  data- alt=\"Le Figaro\" class=\"fig-img--complete fig-img\"\/><\/p>\n<p class=\"fig-premium-paywall__title\">Vous avez envie de lire la suite ?<\/p>\n<p class=\"fig-premium-paywall__subtitle\">D\u00e9bloquez tous les articles imm\u00e9diatement.<\/p>\n<p class=\"fig-premium-paywall__connect\">\n                D\u00e9j\u00e0 abonn\u00e9\u00a0?                <a class=\"fig-premium-paywall__connect-link\" href=\"https:\/\/connect.lefigaro.fr\/login?client=horizon_web&amp;type=main&amp;redirect_uri=https%3A%2F%2Fwww.lefigaro.fr%2Fsciences%2Fa-la-veille-de-la-cop30-l-union-europeenne-s-accorde-in-extremis-sur-ses-objectifs-climatiques-20251105\" data-js-gtm=\"{&quot;customCategorie&quot;: &quot;conversion&quot;, &quot;customAction&quot;: &quot;before_Landing_Connexion_paywall_auto&quot;, &quot;customLabel&quot;: &quot;bGVmaWdhcm8uZnJfXzFmMGJhMmJhLWFlMzQtNmI2Mi1iM2UwLTA1NjJkYTJhMzE5Y19fTmV3c0ZsYXNo_\u00c0 la veille de la COP30, l&#039;Union europ\u00e9enne s\u2019accorde in extremis sur ses objectifs climatiques_275&quot;, &quot;customIDSPE&quot;: &quot;bGVmaWdhcm8uZnJfXzFmMGJhMmJhLWFlMzQtNmI2Mi1iM2UwLTA1NjJkYTJhMzE5Y19fTmV3c0ZsYXNo&quot;, &quot;event&quot;: &quot;customEventSPE&quot;}\" target=\"_blank\" rel=\"noopener\"><br \/>\n                    Connectez-vous<br \/>\n                <\/a>\n            <\/p>\n","protected":false},"excerpt":{"rendered":"Face au changement climatique, l\u2019UE revoit ses objectifs de d\u00e9carbonation pour 2040, au prix de tr\u00e8s longues tractations.&hellip;\n","protected":false},"author":2,"featured_media":514033,"comment_status":"","ping_status":"","sticky":false,"template":"","format":"standard","meta":{"footnotes":""},"categories":[5],"tags":[11,1129,63463,1011,27,14,12,364,28],"class_list":{"0":"post-514032","1":"post","2":"type-post","3":"status-publish","4":"format-standard","5":"has-post-thumbnail","7":"category-international","8":"tag-actualites","9":"tag-climat","10":"tag-cop-30","11":"tag-fr","12":"tag-france","13":"tag-international","14":"tag-news","15":"tag-union-europeenne","16":"tag-world"},"share_on_mastodon":{"url":"https:\/\/pubeurope.com\/@fr\/115498364723099470","error":""},"_links":{"self":[{"href":"https:\/\/www.europesays.com\/fr\/wp-json\/wp\/v2\/posts\/514032","targetHints":{"allow":["GET"]}}],"collection":[{"href":"https:\/\/www.europesays.com\/fr\/wp-json\/wp\/v2\/posts"}],"about":[{"href":"https:\/\/www.europesays.com\/fr\/wp-json\/wp\/v2\/types\/post"}],"author":[{"embeddable":true,"href":"https:\/\/www.europesays.com\/fr\/wp-json\/wp\/v2\/users\/2"}],"replies":[{"embeddable":true,"href":"https:\/\/www.europesays.com\/fr\/wp-json\/wp\/v2\/comments?post=514032"}],"version-history":[{"count":0,"href":"https:\/\/www.europesays.com\/fr\/wp-json\/wp\/v2\/posts\/514032\/revisions"}],"wp:featuredmedia":[{"embeddable":true,"href":"https:\/\/www.europesays.com\/fr\/wp-json\/wp\/v2\/media\/514033"}],"wp:attachment":[{"href":"https:\/\/www.europesays.com\/fr\/wp-json\/wp\/v2\/media?parent=514032"}],"wp:term":[{"taxonomy":"category","embeddable":true,"href":"https:\/\/www.europesays.com\/fr\/wp-json\/wp\/v2\/categories?post=514032"},{"taxonomy":"post_tag","embeddable":true,"href":"https:\/\/www.europesays.com\/fr\/wp-json\/wp\/v2\/tags?post=514032"}],"curies":[{"name":"wp","href":"https:\/\/api.w.org\/{rel}","templated":true}]}}