{"id":514040,"date":"2025-11-05T17:55:32","date_gmt":"2025-11-05T17:55:32","guid":{"rendered":"https:\/\/www.europesays.com\/fr\/514040\/"},"modified":"2025-11-05T17:55:32","modified_gmt":"2025-11-05T17:55:32","slug":"dystopia-prepare-une-premiere-edition-ambitieuse-a-saint-etienne","status":"publish","type":"post","link":"https:\/\/www.europesays.com\/fr\/514040\/","title":{"rendered":"Dystopia pr\u00e9pare une premi\u00e8re \u00e9dition ambitieuse \u00e0 Saint-Etienne"},"content":{"rendered":"<p>Apr\u00e8s <a href=\"https:\/\/www.guettapen.com\/2025\/09\/11\/dystopia-revient-a-rennes-pour-une-edition-2026-monumentale\/\" rel=\"nofollow noopener\" target=\"_blank\">Rennes<\/a> et <a href=\"https:\/\/www.guettapen.com\/2025\/10\/23\/dystopia-mulhouse-devoile-son-enorme-line-up-2026\/\" rel=\"nofollow noopener\" target=\"_blank\">Mulhouse<\/a>, l\u2019univers Dystopia s\u2019\u00e9tend encore. Le <strong>5 et 6 d\u00e9cembre 2025<\/strong>, le festival pose pour la premi\u00e8re fois ses valises \u00e0 <strong>Saint-\u00c9tienne<\/strong>, au <strong>Parc Expo<\/strong>. Un signal tr\u00e8s clair : le concept XXL n\u00e9erlandais assum\u00e9 du festival \u2014 deux jours, deux sc\u00e8nes, espace immense, sc\u00e9nographie titanesque, lasers, pyro, esth\u00e9tique dystopique tr\u00e8s marqu\u00e9e \u2014 se transforme aujourd\u2019hui en v\u00e9ritable marque itin\u00e9rante en France. Rennes a lanc\u00e9 la dynamique \u00e0 l\u2019Ouest, Mulhouse a confirm\u00e9 le potentiel massif \u00e0 l\u2019Est, et Saint-\u00c9tienne devient d\u00e9sormais la porte du \u00ab\u00a0Sud\u00a0\u00bb, avec pour objectif d\u2019agrandir encore les ambitions du festival sur la sc\u00e8ne Hard europ\u00e9enne.<\/p>\n<p>Des d\u00e9buts avec une programmation XXL<\/p>\n<p>Et pour sa premi\u00e8re \u00e9dition st\u00e9phanoise, Dystopia ne fait pas semblant. La programmation r\u00e9unit un concentr\u00e9 de <strong>t\u00eates d\u2019affiche internationales<\/strong> et d\u2019artistes cultes que l\u2019on voit rarement en France dans la m\u00eame soir\u00e9e : <strong>Angerfist (live), Sub Zero Project, Dual Damage, Technoboy &amp; Tuneboy (TNT), Drokz vs Akira, Major Conspiracy<\/strong>, <strong>N-Vitral, Anime<\/strong>, <strong>Raven<\/strong>, <strong>Devin Wild<\/strong>, <strong>Eczodia<\/strong>, <strong>Oguz<\/strong>, <strong>Cryogenic<\/strong>, <strong>Hysta<\/strong>, <strong>Suerte<\/strong>, ou encore <strong>The Straikerz, Vinstylerz, Vortek\u2019s<\/strong> et <strong>Vieze Asbak<\/strong>. Remarquons l\u2019arriv\u00e9e d\u2019un certain <strong>Vladimir Cauchemar<\/strong>. Est-ce que l\u2019on doit s\u2019attendre \u00e0 un set bien plus violent que d\u2019habitude ? C\u2019est \u00e0 surveiller de pr\u00e8s\u2026<\/p>\n<p><img loading=\"lazy\" data-lazyloaded=\"1\" decoding=\"async\" width=\"1024\" height=\"1024\" src=\"https:\/\/www.europesays.com\/fr\/wp-content\/uploads\/2025\/11\/Dystopia_SE_FullLU_1080x1080-1024x1024.jpg\" alt=\"Programmation 2025 de Dystopia Saint-Etienne\" class=\"wp-image-163550\"  data-\/>Dystopia<\/p>\n<p><strong>Plus de 50 noms<\/strong> ultra revendicatifs de la sc\u00e8ne Hard, Uptempo, Raw et Industrial Techno, avec une dose de \u00ab\u00a0versus\u00a0\u00bb explosifs (Krowdexx vs Toza, Lunakorps vs Amigo, Nesak vs BCKYRD\u2026). Une affiche dense, brutale, taill\u00e9e pour ceux qui veulent du vrai, du dur, port\u00e9 par le meilleur de ce que la sc\u00e8ne europ\u00e9enne actuelle peut proposer \u00e0 <strong>+ de 180 BPM !<\/strong><\/p>\n<p>Un \u00e9v\u00e9nement complet<\/p>\n<p>Comme depuis ses d\u00e9buts, l\u2019enjeu n\u2019est pas un simple line-up : c\u2019est l\u2019exp\u00e9rience. Cette premi\u00e8re \u00e9dition \u00e0 Saint-\u00c9tienne promet le m\u00eame \u201ceffet portail\u201d v\u00e9cu en d\u00e9but d\u2019ann\u00e9e. Une <strong>sc\u00e9nographie import\u00e9e des standards n\u00e9erlandais<\/strong>, pens\u00e9e pour faire basculer le public dans un autre univers d\u00e8s l\u2019entr\u00e9e. Ici, Dystopia vient marquer son territoire dans une ville historiquement tr\u00e8s connect\u00e9e aux musiques alternatives. <a href=\"https:\/\/dystopia-festival.com\/en\/billetterie\/\" target=\"_blank\" rel=\"noreferrer noopener nofollow\">La billetterie est ouverte sur le site internet de l\u2019\u00e9v\u00e9nement<\/a>. Alors rendez-vous les <strong>5 et 6 d\u00e9cembre 2025<\/strong> au Parc Expo de Saint-\u00c9tienne !<\/p>\n<p><img loading=\"lazy\" data-lazyloaded=\"1\" decoding=\"async\" width=\"1024\" height=\"576\" src=\"https:\/\/www.europesays.com\/fr\/wp-content\/uploads\/2025\/11\/@conceptk_9568-1024x576.jpg\" alt=\"Photo de @conceptk \/ Dystopia Mulhouse\" class=\"wp-image-163551\"  data-\/>@conceptk \/ Dystopia Mulhouse<\/p>\n","protected":false},"excerpt":{"rendered":"Apr\u00e8s Rennes et Mulhouse, l\u2019univers Dystopia s\u2019\u00e9tend encore. Le 5 et 6 d\u00e9cembre 2025, le festival pose pour&hellip;\n","protected":false},"author":2,"featured_media":514041,"comment_status":"","ping_status":"","sticky":false,"template":"","format":"standard","meta":{"footnotes":""},"categories":[9653],"tags":[17,1111,11,2430,63464,1777,674,849,1011,27,63465,63466,12,25,4001],"class_list":{"0":"post-514040","1":"post","2":"type-post","3":"status-publish","4":"format-standard","5":"has-post-thumbnail","7":"category-saint-etienne","8":"tag-17","9":"tag-actu","10":"tag-actualites","11":"tag-auvergne-rhone-alpes","12":"tag-dystopia","13":"tag-eu","14":"tag-europe","15":"tag-festival","16":"tag-fr","17":"tag-france","18":"tag-hard-music","19":"tag-hard-techno","20":"tag-news","21":"tag-republique-francaise","22":"tag-saint-etienne"},"share_on_mastodon":{"url":"https:\/\/pubeurope.com\/@fr\/115498381762496011","error":""},"_links":{"self":[{"href":"https:\/\/www.europesays.com\/fr\/wp-json\/wp\/v2\/posts\/514040","targetHints":{"allow":["GET"]}}],"collection":[{"href":"https:\/\/www.europesays.com\/fr\/wp-json\/wp\/v2\/posts"}],"about":[{"href":"https:\/\/www.europesays.com\/fr\/wp-json\/wp\/v2\/types\/post"}],"author":[{"embeddable":true,"href":"https:\/\/www.europesays.com\/fr\/wp-json\/wp\/v2\/users\/2"}],"replies":[{"embeddable":true,"href":"https:\/\/www.europesays.com\/fr\/wp-json\/wp\/v2\/comments?post=514040"}],"version-history":[{"count":0,"href":"https:\/\/www.europesays.com\/fr\/wp-json\/wp\/v2\/posts\/514040\/revisions"}],"wp:featuredmedia":[{"embeddable":true,"href":"https:\/\/www.europesays.com\/fr\/wp-json\/wp\/v2\/media\/514041"}],"wp:attachment":[{"href":"https:\/\/www.europesays.com\/fr\/wp-json\/wp\/v2\/media?parent=514040"}],"wp:term":[{"taxonomy":"category","embeddable":true,"href":"https:\/\/www.europesays.com\/fr\/wp-json\/wp\/v2\/categories?post=514040"},{"taxonomy":"post_tag","embeddable":true,"href":"https:\/\/www.europesays.com\/fr\/wp-json\/wp\/v2\/tags?post=514040"}],"curies":[{"name":"wp","href":"https:\/\/api.w.org\/{rel}","templated":true}]}}