{"id":514046,"date":"2025-11-05T18:00:18","date_gmt":"2025-11-05T18:00:18","guid":{"rendered":"https:\/\/www.europesays.com\/fr\/514046\/"},"modified":"2025-11-05T18:00:18","modified_gmt":"2025-11-05T18:00:18","slug":"une-enigme-criminelle-sur-fond-de-politique-a-toulon","status":"publish","type":"post","link":"https:\/\/www.europesays.com\/fr\/514046\/","title":{"rendered":"une \u00e9nigme criminelle sur fond de politique \u00e0 Toulon"},"content":{"rendered":"<p>\t\t\t\t\t\t\t\tL\u2019\u00e9mission Affaires sensibles diffus\u00e9e sur France 2 propose un reportage sur l\u2019affaire Poulet-Dachary : une \u00e9nigme criminelle sur fond de politique \u00e0 Toulon<\/p>\n<p>Dimanche 9 novembre 2025 \u00e0 15h10. L\u2019\u00e9mission Affaires sensibles diffus\u00e9e sur France 2 et sur France.tv et pr\u00e9sent\u00e9e par Fabrice Drouelle, propose un reportage intitul\u00e9 \u00ab Jean-Claude Poulet-Dachary : 30 ans de doutes \u00bb, r\u00e9alis\u00e9 par Adrian Jaouen.<\/p>\n<p>Ce documentaire revient sur une affaire criminelle et politique qui a marqu\u00e9 Toulon. La mort myst\u00e9rieuse, en 1995, de Jean-Claude Poulet-Dachary, pilier du Front National varois et directeur de cabinet du maire de Toulon, Jean-Marie Le Chevallier.<\/p>\n<p>Entre rivalit\u00e9s politiques, mafia locale et rebondissements judiciaires, cette enqu\u00eate retrace l\u2019un des \u00e9pisodes les plus sombres de la vie politique varoise.<\/p>\n<p>Le 29 ao\u00fbt 1995, l\u2019annonce de la mort de Jean-Claude Poulet-Dachary fait l\u2019effet d\u2019une bombe.<\/p>\n<p>C\u2019est une \u00e9nigme criminelle sur fond de politique dont le souvenir plane encore sur la rade de Toulon. Affaires sensibles revient sur la mort myst\u00e9rieuse, en 1995, de Jean-Claude Poulet Dachary. Ce pilier du Front National varois est retrouv\u00e9 mort en bas des escaliers de son immeuble, le cr\u00e2ne fractur\u00e9. Simple accident comme le pensent d\u2019abord les enque\u0302teurs ? Ou assassinat politique pour freiner l\u2019ascension du FN, comme le clament des cadres du parti, jusqu\u2019\u00e0 Jean-Marie le Pen en personne ?<\/p>\n<p>Le 29 ao\u00fbt 1995, l\u2019annonce de la mort de Jean-Claude Poulet-Dachary fait l\u2019effet d\u2019une bombe.<\/p>\n<p>Le directeur de cabinet du nouveau maire de Toulon, Jean-Marie le Chevallier, est un acteur clef de la vie politique varoise. Il a jou\u00e9 un r\u00f4le majeur dans la victoire historique du Front National aux \u00e9lections municipales. Pour la premi\u00e8re fois, en 1995, le FN remporte une ville de plus de 100 000 habitants.<\/p>\n<p>Dans une r\u00e9gion alors min\u00e9e par les liens troubles entre voyous et \u00e9lus municipaux, le FN a fait de la lutte anti-corruption l\u2019un des th\u00e8mes centraux de ses campagnes. Son c\u00e9l\u00e8bre slogan est \u00ab mains propres et t\u00eate haute \u00bb.<\/p>\n<p>La mafia, alli\u00e9e \u00e0 des rivaux politiques, serait-elle responsable de la mort de Jean-Claude Poulet-Dachary ?<\/p>\n<p>Pour les enqu\u00eateurs, cette th\u00e8se est d\u2019autant plus cr\u00e9dible qu\u2019elle rappelle une sombre tradition varoise : l\u2019assassinat d\u2019\u00e9lus par le milieu local.<br \/>9 ans plus t\u00f4t, en 1986, l\u2019adjoint UDF de la Seyne-sur-Mer, Daniel Perrin, est tu\u00e9 alors qu\u2019il rentrait chez lui. L\u2019enqu\u00eate n\u2019a jamais abouti. L\u2019ombre de la mafia a toujours plan\u00e9 sur ce meurtre.<br class=\"yoast-text-mark\"\/>Le 25 f\u00e9vrier 1994, c\u2019est la d\u00e9put\u00e9e UDF Yann Piat, ex-membre du FN, qui est assassin\u00e9e par balles \u00e0 Hy\u00e8res. Six voyous varois seront condamn\u00e9s pour ce crime.<\/p>\n<p>A l\u2019hypoth\u00e8se du crime politique, s\u2019ajoute bient\u00f4t une nouvelle piste, celle du crime crapuleux.<\/p>\n<p>Quatre ans apr\u00e8s la mort de Jean-Claude Poulet-Dachary, un membre du DPS, le service d\u2019ordre du FN, alerte les gendarmes sur un nouveau suspect. Ce marginal de trente-six ans cumule de nombreuses condamnations pour violences. Les autorit\u00e9s le retrouvent incarc\u00e9r\u00e9 pour un double meurtre. Jean-Marc Petroff admet avoir pouss\u00e9 Jean-Claude Poulet-Dachary dans l\u2019escalier durant une dispute. Puis il se r\u00e9tracte et garde le silence sans donner la moindre explication aux enqu\u00eateurs.<\/p>\n<p>Ce rebondissement inattendu va pr\u00e9cipiter la chute du maire de Toulon, Jean-Marie Le Chevallier.<\/p>\n<p>L\u2019\u00e9lu est accus\u00e9 d\u2019avoir \u00e9t\u00e9 inform\u00e9 par le DPS des agissements suspects de Jean-Marc P\u00e9troff et d\u2019avoir voulu \u00e9touffer l\u2019affaire. Il est condamn\u00e9 pour subornation de t\u00e9moins en 2001 \u00e0 un an de prison avec sursis et 30 000 francs d\u2019amende. Emp\u00eatr\u00e9 dans les scandales, il en est alors \u00e0 son quatri\u00e8me proc\u00e8s. Mis au ban de son parti, il quitte le Front National en 1999. Il se retirera d\u00e9finitivement de la vie politique apr\u00e8s cette affaire.<\/p>\n<p>Jean-Marc Petroff, lui, est jug\u00e9 en 2005. Les juges l\u2019acquittent d\u2019abord faute de preuves. Puis la cour d\u2019appel le condamne \u00e0 quinze ans, apr\u00e8s que deux t\u00e9moins, avec qui il pr\u00e9tendait avoir pass\u00e9 la nuit du 29 ao\u00fbt, soient revenus sur leurs d\u00e9clarations.<\/p>\n<p>Le myst\u00e8re de la mort de Jean-Claude Poulet-Dachary a trouv\u00e9 une issue judiciaire. Mais cette affaire laisse un go\u00fbt d\u2019inachev\u00e9 \u00e0 de nombreux protagonistes du dossier. Seul Jean-Marc Petroff aurait pu dissiper les doutes. Mais il est mort en d\u00e9tention en 2012, emportant avec lui ses secrets.<\/p>\n<p>\u00a0<\/p>\n<p>\u00a0<\/p>\n<p><strong><img decoding=\"async\" class=\"emoji\" role=\"img\" draggable=\"false\" src=\"https:\/\/s.w.org\/images\/core\/emoji\/13.1.0\/svg\/1f538.svg\" alt=\"\ud83d\udd38\" data-pin-no-hover=\"true\"\/>Info83, le Var proche de vous<br \/><\/strong><\/p>\n<p><img decoding=\"async\" class=\"emoji\" role=\"img\" draggable=\"false\" src=\"https:\/\/s.w.org\/images\/core\/emoji\/13.1.0\/svg\/27a1.svg\" alt=\"\u27a1\ufe0f\" data-pin-no-hover=\"true\"\/>\u00a0<a href=\"https:\/\/bit.ly\/2OZZMMK\" target=\"_blank\" rel=\"noopener noreferrer nofollow\">Facebook Info83<\/a><\/p>\n<p><img decoding=\"async\" class=\"emoji\" role=\"img\" draggable=\"false\" src=\"https:\/\/s.w.org\/images\/core\/emoji\/13.1.0\/svg\/27a1.svg\" alt=\"\u27a1\ufe0f\" data-pin-no-hover=\"true\"\/>\u00a0<a href=\"https:\/\/bit.ly\/2ONkTC9\" target=\"_blank\" rel=\"noopener noreferrer nofollow\">Youtube Info83<\/a><\/p>\n<p>\u00a0<\/p>\n","protected":false},"excerpt":{"rendered":"L\u2019\u00e9mission Affaires sensibles diffus\u00e9e sur France 2 propose un reportage sur l\u2019affaire Poulet-Dachary : une \u00e9nigme criminelle sur&hellip;\n","protected":false},"author":2,"featured_media":514047,"comment_status":"","ping_status":"","sticky":false,"template":"","format":"standard","meta":{"footnotes":""},"categories":[9619],"tags":[1111,11,63467,6744,63468,1770,63469,63470,4188,1067,63471,1777,674,63472,1011,27,63473,63474,63475,13976,17282,12,882,25,63476,63477,40507,2310,63478],"class_list":{"0":"post-514046","1":"post","2":"type-post","3":"status-publish","4":"format-standard","5":"has-post-thumbnail","7":"category-toulon","8":"tag-actu","9":"tag-actualites","10":"tag-annees-1990","11":"tag-assassinat","12":"tag-chute-du-maire","13":"tag-corruption","14":"tag-crime-politique","15":"tag-dps","16":"tag-elections-municipales","17":"tag-enquete","18":"tag-escalier","19":"tag-eu","20":"tag-europe","21":"tag-fn","22":"tag-fr","23":"tag-france","24":"tag-jean-marc-petroff","25":"tag-jean-marie-le-chevallier","26":"tag-mafia-varoise","27":"tag-municipalite","28":"tag-mystere","29":"tag-news","30":"tag-provence-alpes-cote-dazur","31":"tag-republique-francaise","32":"tag-rivalites-politiques","33":"tag-subornation-de-temoins","34":"tag-temoin","35":"tag-toulon","36":"tag-voyous"},"share_on_mastodon":{"url":"https:\/\/pubeurope.com\/@fr\/115498400253767142","error":""},"_links":{"self":[{"href":"https:\/\/www.europesays.com\/fr\/wp-json\/wp\/v2\/posts\/514046","targetHints":{"allow":["GET"]}}],"collection":[{"href":"https:\/\/www.europesays.com\/fr\/wp-json\/wp\/v2\/posts"}],"about":[{"href":"https:\/\/www.europesays.com\/fr\/wp-json\/wp\/v2\/types\/post"}],"author":[{"embeddable":true,"href":"https:\/\/www.europesays.com\/fr\/wp-json\/wp\/v2\/users\/2"}],"replies":[{"embeddable":true,"href":"https:\/\/www.europesays.com\/fr\/wp-json\/wp\/v2\/comments?post=514046"}],"version-history":[{"count":0,"href":"https:\/\/www.europesays.com\/fr\/wp-json\/wp\/v2\/posts\/514046\/revisions"}],"wp:featuredmedia":[{"embeddable":true,"href":"https:\/\/www.europesays.com\/fr\/wp-json\/wp\/v2\/media\/514047"}],"wp:attachment":[{"href":"https:\/\/www.europesays.com\/fr\/wp-json\/wp\/v2\/media?parent=514046"}],"wp:term":[{"taxonomy":"category","embeddable":true,"href":"https:\/\/www.europesays.com\/fr\/wp-json\/wp\/v2\/categories?post=514046"},{"taxonomy":"post_tag","embeddable":true,"href":"https:\/\/www.europesays.com\/fr\/wp-json\/wp\/v2\/tags?post=514046"}],"curies":[{"name":"wp","href":"https:\/\/api.w.org\/{rel}","templated":true}]}}