{"id":514052,"date":"2025-11-05T18:03:11","date_gmt":"2025-11-05T18:03:11","guid":{"rendered":"https:\/\/www.europesays.com\/fr\/514052\/"},"modified":"2025-11-05T18:03:11","modified_gmt":"2025-11-05T18:03:11","slug":"comment-sest-deroulee-levacuation-des-immeubles-occupes-par-les-familles-gitanes","status":"publish","type":"post","link":"https:\/\/www.europesays.com\/fr\/514052\/","title":{"rendered":"comment s\u2019est d\u00e9roul\u00e9e l\u2019\u00e9vacuation des immeubles occup\u00e9s par les familles gitanes\u00a0?"},"content":{"rendered":"<p>            Par<br \/>\n        <strong><br \/>\n            <a href=\"https:\/\/actu.fr\/auteur\/metropoop\" title=\"Consulter tous les articles de R\u00e9daction M\u00e9tropolitain\" target=\"_blank\" rel=\"noopener\">R\u00e9daction M\u00e9tropolitain<\/a><br \/>\n        <\/strong><\/p>\n<p>        Publi\u00e9 le<\/p>\n<p>            5 nov. 2025 \u00e0 18h40        <\/p>\n<p><strong>Ce lundi 3 novembre<\/strong>, plusieurs familles issues de <strong>la communaut\u00e9 gitane s\u00e9dentaris\u00e9e<\/strong> ont <strong>quitt\u00e9 leur quartier de la Paillade<\/strong>. Elles \u00e9voquent <strong>des menaces constantes<\/strong> et une ins\u00e9curit\u00e9 devenue insupportable. Elles se sont alors <strong>dirig\u00e9es vers la r\u00e9sidence Clos Lauzier<\/strong>, avenue du Pont-Trinquat, \u00e0 Montpellier. Les deux b\u00e2timents encore inoccup\u00e9s par leurs propri\u00e9taires ont \u00e9t\u00e9 <strong>investis dans la journ\u00e9e<\/strong>.\u00a0<\/p>\n<p>    <a href=\"https:\/\/www.google.com\/maps\/embed?pb=!1m18!1m12!1m3!1d2889.282519355182!2d3.88641677645949!3d43.60065887110451!2m3!1f0!2f0!3f0!3m2!1i1024!2i768!4f13.1!3m3!1m2!1s0x12b6af0000aa1e67%3A0x8daabfb024bac107!2sClos%20Lauzier!5e0!3m2!1sfr!2sfr!4v1762360514193!5m2!1sfr!2sfr\" title=\"Ouvrie le lien\" target=\"_blank\" rel=\"noopener\">Cliquez ici pour visualiser le contenu<\/a><\/p>\n<p class=\" wall-content\"><a href=\"https:\/\/actu.fr\/occitanie\/montpellier_34172\/video-montpellier-scene-stupefiante-devant-un-immeuble-occupe-par-60-familles-gitanes_63394810.html\" target=\"_blank\" rel=\"noopener\">Le lendemain, \u00e0 18h, la police nationale a lanc\u00e9 une op\u00e9ration d\u2019envergure<\/a>. Les forces de l\u2019ordre ont encercl\u00e9 les b\u00e2timents. Une heure plus tard, les deux immeubles \u00e9taient vides. Environ 150 personnes ont quitt\u00e9 les lieux. Aucune r\u00e9sistance, pas d\u2019affrontement, ni de d\u00e9gradation constat\u00e9e.\u00a0<\/p>\n<p>Un besoin de s\u00e9curit\u00e9 et de stabilit\u00e9<\/p>\n<p class=\" wall-content\">Les familles \u00e9vacu\u00e9es affirment avoir fui une \u00ab\u00a0situation d\u2019ins\u00e9curit\u00e9 invivable\u00a0\u00bb dans leur quartier d\u2019origine. La Ville de Montpellier a r\u00e9agi et s\u2019est engag\u00e9e \u00e0 trouver des solutions de relogement pour les quelques familles qui se trouveraient dans une situation de danger. Elle a cependant insist\u00e9 sur la n\u00e9cessit\u00e9 de respecter le droit et les proc\u00e9dures existantes.<\/p>\n<p class=\" wall-content\">Personnalisez votre actualit\u00e9 en ajoutant vos villes et m\u00e9dias en favori avec <a href=\"https:\/\/moncompte.actu.fr\" title=\"D\u00e9couvez Mon Actu\" rel=\"nofollow noopener\" data-trk=\"{&quot;cta&quot;:{&quot;action&quot;:&quot;https:\\\/\\\/moncompte.actu.fr&quot;,&quot;category&quot;:&quot;mon compte&quot;,&quot;from&quot;:&quot;article footer&quot;,&quot;name&quot;:&quot;Mon actu&quot;,&quot;type&quot;:&quot;cta&quot;}}\" target=\"_blank\">Mon Actu<\/a>.<\/p>\n","protected":false},"excerpt":{"rendered":"Par R\u00e9daction M\u00e9tropolitain Publi\u00e9 le 5 nov. 2025 \u00e0 18h40 Ce lundi 3 novembre, plusieurs familles issues de&hellip;\n","protected":false},"author":2,"featured_media":514053,"comment_status":"","ping_status":"","sticky":false,"template":"","format":"standard","meta":{"footnotes":""},"categories":[9599],"tags":[1111,11,1777,674,118,1011,27,2825,1908,2208,12,2680,1072,25],"class_list":{"0":"post-514052","1":"post","2":"type-post","3":"status-publish","4":"format-standard","5":"has-post-thumbnail","7":"category-montpellier","8":"tag-actu","9":"tag-actualites","10":"tag-eu","11":"tag-europe","12":"tag-faits-divers","13":"tag-fr","14":"tag-france","15":"tag-insecurite","16":"tag-logement","17":"tag-montpellier","18":"tag-news","19":"tag-occitanie","20":"tag-police","21":"tag-republique-francaise"},"share_on_mastodon":{"url":"https:\/\/pubeurope.com\/@fr\/115498411861325065","error":""},"_links":{"self":[{"href":"https:\/\/www.europesays.com\/fr\/wp-json\/wp\/v2\/posts\/514052","targetHints":{"allow":["GET"]}}],"collection":[{"href":"https:\/\/www.europesays.com\/fr\/wp-json\/wp\/v2\/posts"}],"about":[{"href":"https:\/\/www.europesays.com\/fr\/wp-json\/wp\/v2\/types\/post"}],"author":[{"embeddable":true,"href":"https:\/\/www.europesays.com\/fr\/wp-json\/wp\/v2\/users\/2"}],"replies":[{"embeddable":true,"href":"https:\/\/www.europesays.com\/fr\/wp-json\/wp\/v2\/comments?post=514052"}],"version-history":[{"count":0,"href":"https:\/\/www.europesays.com\/fr\/wp-json\/wp\/v2\/posts\/514052\/revisions"}],"wp:featuredmedia":[{"embeddable":true,"href":"https:\/\/www.europesays.com\/fr\/wp-json\/wp\/v2\/media\/514053"}],"wp:attachment":[{"href":"https:\/\/www.europesays.com\/fr\/wp-json\/wp\/v2\/media?parent=514052"}],"wp:term":[{"taxonomy":"category","embeddable":true,"href":"https:\/\/www.europesays.com\/fr\/wp-json\/wp\/v2\/categories?post=514052"},{"taxonomy":"post_tag","embeddable":true,"href":"https:\/\/www.europesays.com\/fr\/wp-json\/wp\/v2\/tags?post=514052"}],"curies":[{"name":"wp","href":"https:\/\/api.w.org\/{rel}","templated":true}]}}