{"id":514060,"date":"2025-11-05T18:07:13","date_gmt":"2025-11-05T18:07:13","guid":{"rendered":"https:\/\/www.europesays.com\/fr\/514060\/"},"modified":"2025-11-05T18:07:13","modified_gmt":"2025-11-05T18:07:13","slug":"grenoble-lartiste-argentin-amando-risueno-en-concert-au-cafe-des-arts","status":"publish","type":"post","link":"https:\/\/www.europesays.com\/fr\/514060\/","title":{"rendered":"Grenoble. L\u2019artiste argentin Amando Risue\u00f1o en concert au Caf\u00e9 des arts"},"content":{"rendered":"<p>Amando Risue\u00f1o, guitariste et chanteur argentin, se produira au Caf\u00e9 des arts le samedi 15\u00a0novembre \u00e0\u00a020\u00a0h\u00a030. Amando Risue\u00f1o est \u00e9pris des musiques traditionnelles de son pays. Tangos, milongas, estilos\u2026 font un r\u00e9pertoire qu\u2019il renouvelle en permanence.<\/p>\n<p class=\"note\">Samedi 15 novembre \u00e0 20 h 30. Caf\u00e9 des arts, 36 rue Saint-Laurent. Contact\u00a0: info@lecafedesarts38.fr<\/p>\n","protected":false},"excerpt":{"rendered":"Amando Risue\u00f1o, guitariste et chanteur argentin, se produira au Caf\u00e9 des arts le samedi 15\u00a0novembre \u00e0\u00a020\u00a0h\u00a030. Amando Risue\u00f1o&hellip;\n","protected":false},"author":2,"featured_media":514061,"comment_status":"","ping_status":"","sticky":false,"template":"","format":"standard","meta":{"footnotes":""},"categories":[9566],"tags":[1111,11,2430,1687,112,1777,674,1011,27,2731,2732,873,12,25],"class_list":{"0":"post-514060","1":"post","2":"type-post","3":"status-publish","4":"format-standard","5":"has-post-thumbnail","7":"category-grenoble","8":"tag-actu","9":"tag-actualites","10":"tag-auvergne-rhone-alpes","11":"tag-culture-loisirs","12":"tag-edition-grenoble-agglomeration","13":"tag-eu","14":"tag-europe","15":"tag-fr","16":"tag-france","17":"tag-grenoble","18":"tag-grenoble-bassin","19":"tag-musique","20":"tag-news","21":"tag-republique-francaise"},"share_on_mastodon":{"url":"https:\/\/pubeurope.com\/@fr\/115498427603654595","error":""},"_links":{"self":[{"href":"https:\/\/www.europesays.com\/fr\/wp-json\/wp\/v2\/posts\/514060","targetHints":{"allow":["GET"]}}],"collection":[{"href":"https:\/\/www.europesays.com\/fr\/wp-json\/wp\/v2\/posts"}],"about":[{"href":"https:\/\/www.europesays.com\/fr\/wp-json\/wp\/v2\/types\/post"}],"author":[{"embeddable":true,"href":"https:\/\/www.europesays.com\/fr\/wp-json\/wp\/v2\/users\/2"}],"replies":[{"embeddable":true,"href":"https:\/\/www.europesays.com\/fr\/wp-json\/wp\/v2\/comments?post=514060"}],"version-history":[{"count":0,"href":"https:\/\/www.europesays.com\/fr\/wp-json\/wp\/v2\/posts\/514060\/revisions"}],"wp:featuredmedia":[{"embeddable":true,"href":"https:\/\/www.europesays.com\/fr\/wp-json\/wp\/v2\/media\/514061"}],"wp:attachment":[{"href":"https:\/\/www.europesays.com\/fr\/wp-json\/wp\/v2\/media?parent=514060"}],"wp:term":[{"taxonomy":"category","embeddable":true,"href":"https:\/\/www.europesays.com\/fr\/wp-json\/wp\/v2\/categories?post=514060"},{"taxonomy":"post_tag","embeddable":true,"href":"https:\/\/www.europesays.com\/fr\/wp-json\/wp\/v2\/tags?post=514060"}],"curies":[{"name":"wp","href":"https:\/\/api.w.org\/{rel}","templated":true}]}}